{"id":517547,"date":"2023-12-10T16:25:07","date_gmt":"2023-12-10T22:25:07","guid":{"rendered":"https:\/\/www.zunoticia.com\/noticias-de-hidalgo\/?p=517547"},"modified":"2023-12-10T16:25:08","modified_gmt":"2023-12-10T22:25:08","slug":"federacion-de-militares-retirados-de-huejutla-celebro-convivio-de-fin-de-ano","status":"publish","type":"post","link":"https:\/\/www.zunoticia.com\/noticias-de-hidalgo\/2023\/12\/10\/federacion-de-militares-retirados-de-huejutla-celebro-convivio-de-fin-de-ano\/","title":{"rendered":"Federaci\u00f3n de militares retirados de Huejutla celebr\u00f3 convivi\u00f3 de fin de a\u00f1o"},"content":{"rendered":"<aside class=\"mashsb-container mashsb-main mashsb-stretched\"><div class=\"mashsb-box\"><div class=\"mashsb-count mash-large\" style=\"float:left\"><div class=\"counts mashsbcount\">33<\/div><span class=\"mashsb-sharetext\">SHARES<\/span><\/div><div class=\"mashsb-buttons\"><a class=\"mashicon-facebook mash-large mash-center mashsb-noshadow\" href=\"https:\/\/www.facebook.com\/sharer.php?u=https%3A%2F%2Fwww.zunoticia.com%2Fnoticias-de-hidalgo%2F2023%2F12%2F10%2Ffederacion-de-militares-retirados-de-huejutla-celebro-convivio-de-fin-de-ano%2F\" target=\"_top\" rel=\"nofollow\"><span class=\"icon\"><\/span><span class=\"text\">Share<\/span><\/a><a class=\"mashicon-twitter mash-large mash-center mashsb-noshadow\" href=\"https:\/\/twitter.com\/intent\/tweet?text=&amp;url=https:\/\/www.zunoticia.com\/noticias-de-hidalgo\/2023\/12\/10\/federacion-de-militares-retirados-de-huejutla-celebro-convivio-de-fin-de-ano\/\" target=\"_top\" rel=\"nofollow\"><span class=\"icon\"><\/span><span class=\"text\">Tweet<\/span><\/a><div class=\"onoffswitch2 mash-large mashsb-noshadow\" style=\"display:none\"><\/div><\/div>\n            <\/div>\n                <div style=\"clear:both\"><\/div><div class=\"mashsb-toggle-container\"><\/div><\/aside>\n            <!-- Share buttons by mashshare.net - Version: 4.0.47-->\n<p><em>Por Salvador Altamirano\/Zunoticia<\/em><\/p>\n\n\n\n<p><strong>Huejutla, Hgo.-<\/strong> Con el prop\u00f3sito de desearse buena suerte para el a\u00f1o que viene y darle gracias a Dios por lo que les dej\u00f3 \u00e9l que se va, en todas las culturas del mundo es tradicional celebrar con un convivio el fin de a\u00f1o.<\/p>\n\n\n\n<p>Por tal motivo, aunque con mucha anticipaci\u00f3n, la &#8220;Federaci\u00f3n de militares retirados A.C. Francisco Mujica&#8221;, filial Huejutla, cuyo dirigente es el Sargento 2o, Fidel Castro Hern\u00e1ndez, llev\u00f3 a cabo el pasado s\u00e1bado su tradicional convivi\u00f3 de fin de a\u00f1o.<\/p>\n\n\n\n<p>El evento, tuvo efecto a las 10:00 horas en la galera del Mercado Laurel, de la colonia Aviaci\u00f3n Civil, al cual asistieron un total de 50 ex &#8211; militares, residentes en Huejutla y en municipios aleda\u00f1os, en especial, emanados del 84 Batall\u00f3n de Infanter\u00eda.<\/p>\n\n\n\n<figure class=\"wp-block-image size-full\"><img fetchpriority=\"high\" decoding=\"async\" width=\"1600\" height=\"738\" src=\"https:\/\/www.zunoticia.com\/noticias-de-hidalgo\/wp-content\/uploads\/2023\/12\/eZy-Watermark_10-12-2023_03-32-08-7060p.m.jpg\" alt=\"\" class=\"wp-image-517542\"\/><\/figure>\n\n\n\n<p>Como tambi\u00e9n es tradici\u00f3n, correspondi\u00f3 al dirigente de la Delegaci\u00f3n Huejutla, en primer t\u00e9rmino, agradecer a sus compa\u00f1eros por la asistencia, as\u00ed como desearles que pasen en compa\u00f1\u00eda de sus familiares, una feliz Navidad y tengan un pr\u00f3spero A\u00f1o Nuevo.<\/p>\n\n\n\n<p>Es oportuno mencionar, que los ex &#8211; militares disfrutaron del evento en sana convivencia, compartiendo el &#8220;pan y la sal&#8221;, seg\u00fan el concepto b\u00edblico, en armon\u00eda, ya que estas fechas son de paz y reconciliaci\u00f3n.<\/p>\n","protected":false},"excerpt":{"rendered":"<p>Por Salvador Altamirano\/Zunoticia Huejutla, Hgo.- Con el prop\u00f3sito de desearse buena suerte para el a\u00f1o que viene y darle gracias a Dios por lo que les dej\u00f3 \u00e9l que se va, en todas las culturas del mundo es tradicional celebrar con un convivio el fin de a\u00f1o. Por tal motivo, aunque con mucha anticipaci\u00f3n, la&hellip; <a class=\"more-link\" href=\"https:\/\/www.zunoticia.com\/noticias-de-hidalgo\/2023\/12\/10\/federacion-de-militares-retirados-de-huejutla-celebro-convivio-de-fin-de-ano\/\">Seguir leyendo <span class=\"screen-reader-text\">Federaci\u00f3n de militares retirados de Huejutla celebr\u00f3 convivi\u00f3 de fin de a\u00f1o<\/span><\/a><\/p>\n","protected":false},"author":12,"featured_media":517541,"comment_status":"open","ping_status":"open","sticky":false,"template":"","format":"standard","meta":{"rop_custom_images_group":[],"rop_custom_messages_group":[],"rop_publish_now":"initial","rop_publish_now_accounts":{"facebook_10159540855086992_322828327761733":""},"rop_publish_now_history":[],"rop_publish_now_status":"pending","footnotes":""},"categories":[181],"tags":[121],"class_list":["post-517547","post","type-post","status-publish","format-standard","has-post-thumbnail","hentry","category-huejutla","tag-huejutla","entry"],"_links":{"self":[{"href":"https:\/\/www.zunoticia.com\/noticias-de-hidalgo\/wp-json\/wp\/v2\/posts\/517547","targetHints":{"allow":["GET"]}}],"collection":[{"href":"https:\/\/www.zunoticia.com\/noticias-de-hidalgo\/wp-json\/wp\/v2\/posts"}],"about":[{"href":"https:\/\/www.zunoticia.com\/noticias-de-hidalgo\/wp-json\/wp\/v2\/types\/post"}],"author":[{"embeddable":true,"href":"https:\/\/www.zunoticia.com\/noticias-de-hidalgo\/wp-json\/wp\/v2\/users\/12"}],"replies":[{"embeddable":true,"href":"https:\/\/www.zunoticia.com\/noticias-de-hidalgo\/wp-json\/wp\/v2\/comments?post=517547"}],"version-history":[{"count":1,"href":"https:\/\/www.zunoticia.com\/noticias-de-hidalgo\/wp-json\/wp\/v2\/posts\/517547\/revisions"}],"predecessor-version":[{"id":517548,"href":"https:\/\/www.zunoticia.com\/noticias-de-hidalgo\/wp-json\/wp\/v2\/posts\/517547\/revisions\/517548"}],"wp:featuredmedia":[{"embeddable":true,"href":"https:\/\/www.zunoticia.com\/noticias-de-hidalgo\/wp-json\/wp\/v2\/media\/517541"}],"wp:attachment":[{"href":"https:\/\/www.zunoticia.com\/noticias-de-hidalgo\/wp-json\/wp\/v2\/media?parent=517547"}],"wp:term":[{"taxonomy":"category","embeddable":true,"href":"https:\/\/www.zunoticia.com\/noticias-de-hidalgo\/wp-json\/wp\/v2\/categories?post=517547"},{"taxonomy":"post_tag","embeddable":true,"href":"https:\/\/www.zunoticia.com\/noticias-de-hidalgo\/wp-json\/wp\/v2\/tags?post=517547"}],"curies":[{"name":"wp","href":"https:\/\/api.w.org\/{rel}","templated":true}]}}