{"id":517551,"date":"2023-12-10T16:40:04","date_gmt":"2023-12-10T22:40:04","guid":{"rendered":"https:\/\/www.zunoticia.com\/noticias-de-hidalgo\/?p=517551"},"modified":"2023-12-10T16:40:05","modified_gmt":"2023-12-10T22:40:05","slug":"realizan-encendido-de-arbol-navideno-en-la-delegacion-de-huitzitzilingo","status":"publish","type":"post","link":"https:\/\/www.zunoticia.com\/noticias-de-hidalgo\/2023\/12\/10\/realizan-encendido-de-arbol-navideno-en-la-delegacion-de-huitzitzilingo\/","title":{"rendered":"Realizan encendido de \u00e1rbol navide\u00f1o en la delegaci\u00f3n de Huitzitzilingo"},"content":{"rendered":"<aside class=\"mashsb-container mashsb-main mashsb-stretched\"><div class=\"mashsb-box\"><div class=\"mashsb-count mash-large\" style=\"float:left\"><div class=\"counts mashsbcount\">35<\/div><span class=\"mashsb-sharetext\">SHARES<\/span><\/div><div class=\"mashsb-buttons\"><a class=\"mashicon-facebook mash-large mash-center mashsb-noshadow\" href=\"https:\/\/www.facebook.com\/sharer.php?u=https%3A%2F%2Fwww.zunoticia.com%2Fnoticias-de-hidalgo%2F2023%2F12%2F10%2Frealizan-encendido-de-arbol-navideno-en-la-delegacion-de-huitzitzilingo%2F\" target=\"_top\" rel=\"nofollow\"><span class=\"icon\"><\/span><span class=\"text\">Share<\/span><\/a><a class=\"mashicon-twitter mash-large mash-center mashsb-noshadow\" href=\"https:\/\/twitter.com\/intent\/tweet?text=&amp;url=https:\/\/www.zunoticia.com\/noticias-de-hidalgo\/2023\/12\/10\/realizan-encendido-de-arbol-navideno-en-la-delegacion-de-huitzitzilingo\/\" target=\"_top\" rel=\"nofollow\"><span class=\"icon\"><\/span><span class=\"text\">Tweet<\/span><\/a><div class=\"onoffswitch2 mash-large mashsb-noshadow\" style=\"display:none\"><\/div><\/div>\n            <\/div>\n                <div style=\"clear:both\"><\/div><div class=\"mashsb-toggle-container\"><\/div><\/aside>\n            <!-- Share buttons by mashshare.net - Version: 4.0.47-->\n<p><em>Por \u00c1ngel Silverio\/Zunoticia<\/em><\/p>\n\n\n\n<p><strong>San Felipe Orizatl\u00e1n, Hgo.-<\/strong> Con gran algarab\u00eda la tarde noche del pasado s\u00e1bado habitantes y ni\u00f1os de la delegaci\u00f3n de Huitzitzilingo llevaron a cabo la posada navide\u00f1a ofrecida por la delegaci\u00f3n, que agradeci\u00f3 a todos aquellos que se sumaron para llevar un momento de alegr\u00eda a los reyes del hogar.<\/p>\n\n\n\n<p>Fue este pasado s\u00e1bado, cuando las autoridades de la delegaci\u00f3n, as\u00ed como representantes de la alcaldesa Erika Saab, se dieron cita en la explanada de la delegaci\u00f3n municipal, para llevar a cabo el encendido del \u00e1rbol navide\u00f1o, as\u00ed como disfrutar a lado de los peque\u00f1os de una bonita posada organizada para todos ellos, pasando momentos muy agradables.<\/p>\n\n\n\n<figure class=\"wp-block-image size-full\"><img fetchpriority=\"high\" decoding=\"async\" width=\"1599\" height=\"1200\" src=\"https:\/\/www.zunoticia.com\/noticias-de-hidalgo\/wp-content\/uploads\/2023\/12\/eZy-Watermark_10-12-2023_03-32-24-4060p.m.jpg\" alt=\"\" class=\"wp-image-517538\"\/><\/figure>\n\n\n\n<p>Ah\u00ed, las autoridades agradecieron a la alcaldesa Erika Saab por el apoyo, as\u00ed como a los benefactores como Manuel Rivera, Ramon Amaral y vecinos de esta delegaci\u00f3n, que hicieron posible esta posada para los reyes del hogar, as\u00ed como a quienes se sumaron con chocolate, dulces, pan, entre otros refrigerios que se les dio a los padres y ni\u00f1os presentes.<\/p>\n\n\n\n<p>Por parte de las autoridades municipales, se les invit\u00f3 a participar en el encendido del \u00e1rbol y Villa navide\u00f1a que ser\u00e1 este pr\u00f3ximo 13 de diciembre en la cabecera municipal, donde se tienen preparadas grandes sorpresas para los ni\u00f1os y familiares orizatlenses.<\/p>\n","protected":false},"excerpt":{"rendered":"<p>Por \u00c1ngel Silverio\/Zunoticia San Felipe Orizatl\u00e1n, Hgo.- Con gran algarab\u00eda la tarde noche del pasado s\u00e1bado habitantes y ni\u00f1os de la delegaci\u00f3n de Huitzitzilingo llevaron a cabo la posada navide\u00f1a ofrecida por la delegaci\u00f3n, que agradeci\u00f3 a todos aquellos que se sumaron para llevar un momento de alegr\u00eda a los reyes del hogar. Fue este&hellip; <a class=\"more-link\" href=\"https:\/\/www.zunoticia.com\/noticias-de-hidalgo\/2023\/12\/10\/realizan-encendido-de-arbol-navideno-en-la-delegacion-de-huitzitzilingo\/\">Seguir leyendo <span class=\"screen-reader-text\">Realizan encendido de \u00e1rbol navide\u00f1o en la delegaci\u00f3n de Huitzitzilingo<\/span><\/a><\/p>\n","protected":false},"author":12,"featured_media":517535,"comment_status":"open","ping_status":"open","sticky":false,"template":"","format":"standard","meta":{"rop_custom_images_group":[],"rop_custom_messages_group":[],"rop_publish_now":"initial","rop_publish_now_accounts":{"facebook_10159540855086992_322828327761733":""},"rop_publish_now_history":[],"rop_publish_now_status":"pending","footnotes":""},"categories":[180],"tags":[129],"class_list":["post-517551","post","type-post","status-publish","format-standard","has-post-thumbnail","hentry","category-orizatlan","tag-orizatlan","entry"],"_links":{"self":[{"href":"https:\/\/www.zunoticia.com\/noticias-de-hidalgo\/wp-json\/wp\/v2\/posts\/517551","targetHints":{"allow":["GET"]}}],"collection":[{"href":"https:\/\/www.zunoticia.com\/noticias-de-hidalgo\/wp-json\/wp\/v2\/posts"}],"about":[{"href":"https:\/\/www.zunoticia.com\/noticias-de-hidalgo\/wp-json\/wp\/v2\/types\/post"}],"author":[{"embeddable":true,"href":"https:\/\/www.zunoticia.com\/noticias-de-hidalgo\/wp-json\/wp\/v2\/users\/12"}],"replies":[{"embeddable":true,"href":"https:\/\/www.zunoticia.com\/noticias-de-hidalgo\/wp-json\/wp\/v2\/comments?post=517551"}],"version-history":[{"count":1,"href":"https:\/\/www.zunoticia.com\/noticias-de-hidalgo\/wp-json\/wp\/v2\/posts\/517551\/revisions"}],"predecessor-version":[{"id":517552,"href":"https:\/\/www.zunoticia.com\/noticias-de-hidalgo\/wp-json\/wp\/v2\/posts\/517551\/revisions\/517552"}],"wp:featuredmedia":[{"embeddable":true,"href":"https:\/\/www.zunoticia.com\/noticias-de-hidalgo\/wp-json\/wp\/v2\/media\/517535"}],"wp:attachment":[{"href":"https:\/\/www.zunoticia.com\/noticias-de-hidalgo\/wp-json\/wp\/v2\/media?parent=517551"}],"wp:term":[{"taxonomy":"category","embeddable":true,"href":"https:\/\/www.zunoticia.com\/noticias-de-hidalgo\/wp-json\/wp\/v2\/categories?post=517551"},{"taxonomy":"post_tag","embeddable":true,"href":"https:\/\/www.zunoticia.com\/noticias-de-hidalgo\/wp-json\/wp\/v2\/tags?post=517551"}],"curies":[{"name":"wp","href":"https:\/\/api.w.org\/{rel}","templated":true}]}}