{"id":517605,"date":"2023-12-10T19:30:21","date_gmt":"2023-12-11T01:30:21","guid":{"rendered":"https:\/\/www.zunoticia.com\/noticias-de-hidalgo\/?p=517605"},"modified":"2023-12-10T19:30:22","modified_gmt":"2023-12-11T01:30:22","slug":"celebran-primera-carrera-inclusiva-en-el-pec","status":"publish","type":"post","link":"https:\/\/www.zunoticia.com\/noticias-de-hidalgo\/2023\/12\/10\/celebran-primera-carrera-inclusiva-en-el-pec\/","title":{"rendered":"Celebran primera carrera inclusiva en el PEC"},"content":{"rendered":"<aside class=\"mashsb-container mashsb-main mashsb-stretched\"><div class=\"mashsb-box\"><div class=\"mashsb-count mash-large\" style=\"float:left\"><div class=\"counts mashsbcount\">14<\/div><span class=\"mashsb-sharetext\">SHARES<\/span><\/div><div class=\"mashsb-buttons\"><a class=\"mashicon-facebook mash-large mash-center mashsb-noshadow\" href=\"https:\/\/www.facebook.com\/sharer.php?u=https%3A%2F%2Fwww.zunoticia.com%2Fnoticias-de-hidalgo%2F2023%2F12%2F10%2Fcelebran-primera-carrera-inclusiva-en-el-pec%2F\" target=\"_top\" rel=\"nofollow\"><span class=\"icon\"><\/span><span class=\"text\">Share<\/span><\/a><a class=\"mashicon-twitter mash-large mash-center mashsb-noshadow\" href=\"https:\/\/twitter.com\/intent\/tweet?text=&amp;url=https:\/\/www.zunoticia.com\/noticias-de-hidalgo\/2023\/12\/10\/celebran-primera-carrera-inclusiva-en-el-pec\/\" target=\"_top\" rel=\"nofollow\"><span class=\"icon\"><\/span><span class=\"text\">Tweet<\/span><\/a><div class=\"onoffswitch2 mash-large mashsb-noshadow\" style=\"display:none\"><\/div><\/div>\n            <\/div>\n                <div style=\"clear:both\"><\/div><div class=\"mashsb-toggle-container\"><\/div><\/aside>\n            <!-- Share buttons by mashshare.net - Version: 4.0.47-->\n<ul class=\"wp-block-list\">\n<li><a><\/a>Como parte de las actividades por su 21 aniversario.<\/li>\n<\/ul>\n\n\n\n<p><em>Por Redacci\u00f3n\/Zunoticia<\/em><\/p>\n\n\n\n<p><strong>Pachuca de Soto, Hgo.-<\/strong> La Secretar\u00eda de Medio Ambiente y Recursos Naturales de Hidalgo (Semarnath), en coordinaci\u00f3n con el Parque Ecol\u00f3gico Cubitos llev\u00f3 a cabo su primera carrera inclusiva en el marco de su 21 aniversario.<\/p>\n\n\n\n<figure class=\"wp-block-image size-full\"><img fetchpriority=\"high\" decoding=\"async\" width=\"1280\" height=\"853\" src=\"https:\/\/www.zunoticia.com\/noticias-de-hidalgo\/wp-content\/uploads\/2023\/12\/eZy-Watermark_10-12-2023_07-28-55-2660p.m.jpg\" alt=\"\" class=\"wp-image-517607\"\/><\/figure>\n\n\n\n<p>En la actividad participaron decenas de personas de todas las edades, para correr, trotar o rodar por un circuito de 3.5 kil\u00f3metros dentro de dicha \u00c1rea Natural Protegida, durante la ma\u00f1ana del s\u00e1bado 9 de diciembre.<\/p>\n\n\n\n<p>Esta carrera tuvo como principal objetivo fomentar la tolerancia y la aceptaci\u00f3n, para que todas y todos los hidalguenses puedan desarrollarse en entornos m\u00e1s seguros, respetuosos y emp\u00e1ticos.<\/p>\n\n\n\n<p>Esta iniciativa, realizada por primera ocasi\u00f3n en la historia del Parque Ecol\u00f3gico Cubitos, cont\u00f3 con la participaci\u00f3n y apoyo del Centro Deportivo Hidalguense y de Alto Rendimiento (CDHAR), al sumarse practicantes del deporte adaptado.<\/p>\n\n\n\n<figure class=\"wp-block-image size-full\"><img decoding=\"async\" width=\"1280\" height=\"853\" src=\"https:\/\/www.zunoticia.com\/noticias-de-hidalgo\/wp-content\/uploads\/2023\/12\/eZy-Watermark_10-12-2023_06-19-50-8890p.m.jpg\" alt=\"\" class=\"wp-image-517570\"\/><\/figure>\n\n\n\n<p>La Semarnath reafirma su compromiso de continuar con la promoci\u00f3n de este tipo de actividades que fomentan el deporte, el contacto con la naturaleza y principalmente, la inclusi\u00f3n.<\/p>\n","protected":false},"excerpt":{"rendered":"<p>Por Redacci\u00f3n\/Zunoticia Pachuca de Soto, Hgo.- La Secretar\u00eda de Medio Ambiente y Recursos Naturales de Hidalgo (Semarnath), en coordinaci\u00f3n con el Parque Ecol\u00f3gico Cubitos llev\u00f3 a cabo su primera carrera inclusiva en el marco de su 21 aniversario. En la actividad participaron decenas de personas de todas las edades, para correr, trotar o rodar por&hellip; <a class=\"more-link\" href=\"https:\/\/www.zunoticia.com\/noticias-de-hidalgo\/2023\/12\/10\/celebran-primera-carrera-inclusiva-en-el-pec\/\">Seguir leyendo <span class=\"screen-reader-text\">Celebran primera carrera inclusiva en el PEC<\/span><\/a><\/p>\n","protected":false},"author":12,"featured_media":517571,"comment_status":"open","ping_status":"open","sticky":false,"template":"","format":"standard","meta":{"rop_custom_images_group":[],"rop_custom_messages_group":[],"rop_publish_now":"initial","rop_publish_now_accounts":{"facebook_10159540855086992_322828327761733":""},"rop_publish_now_history":[],"rop_publish_now_status":"pending","footnotes":""},"categories":[208],"tags":[214],"class_list":["post-517605","post","type-post","status-publish","format-standard","has-post-thumbnail","hentry","category-estado","tag-estado","entry"],"_links":{"self":[{"href":"https:\/\/www.zunoticia.com\/noticias-de-hidalgo\/wp-json\/wp\/v2\/posts\/517605","targetHints":{"allow":["GET"]}}],"collection":[{"href":"https:\/\/www.zunoticia.com\/noticias-de-hidalgo\/wp-json\/wp\/v2\/posts"}],"about":[{"href":"https:\/\/www.zunoticia.com\/noticias-de-hidalgo\/wp-json\/wp\/v2\/types\/post"}],"author":[{"embeddable":true,"href":"https:\/\/www.zunoticia.com\/noticias-de-hidalgo\/wp-json\/wp\/v2\/users\/12"}],"replies":[{"embeddable":true,"href":"https:\/\/www.zunoticia.com\/noticias-de-hidalgo\/wp-json\/wp\/v2\/comments?post=517605"}],"version-history":[{"count":1,"href":"https:\/\/www.zunoticia.com\/noticias-de-hidalgo\/wp-json\/wp\/v2\/posts\/517605\/revisions"}],"predecessor-version":[{"id":517609,"href":"https:\/\/www.zunoticia.com\/noticias-de-hidalgo\/wp-json\/wp\/v2\/posts\/517605\/revisions\/517609"}],"wp:featuredmedia":[{"embeddable":true,"href":"https:\/\/www.zunoticia.com\/noticias-de-hidalgo\/wp-json\/wp\/v2\/media\/517571"}],"wp:attachment":[{"href":"https:\/\/www.zunoticia.com\/noticias-de-hidalgo\/wp-json\/wp\/v2\/media?parent=517605"}],"wp:term":[{"taxonomy":"category","embeddable":true,"href":"https:\/\/www.zunoticia.com\/noticias-de-hidalgo\/wp-json\/wp\/v2\/categories?post=517605"},{"taxonomy":"post_tag","embeddable":true,"href":"https:\/\/www.zunoticia.com\/noticias-de-hidalgo\/wp-json\/wp\/v2\/tags?post=517605"}],"curies":[{"name":"wp","href":"https:\/\/api.w.org\/{rel}","templated":true}]}}