{"id":517619,"date":"2023-12-10T19:49:18","date_gmt":"2023-12-11T01:49:18","guid":{"rendered":"https:\/\/www.zunoticia.com\/noticias-de-hidalgo\/?p=517619"},"modified":"2023-12-10T19:49:20","modified_gmt":"2023-12-11T01:49:20","slug":"participa-menchaca-salazar-en-la-inauguracion-de-la-planta-zagis-en-hidalgo","status":"publish","type":"post","link":"https:\/\/www.zunoticia.com\/noticias-de-hidalgo\/2023\/12\/10\/participa-menchaca-salazar-en-la-inauguracion-de-la-planta-zagis-en-hidalgo\/","title":{"rendered":"Participa Menchaca Salazar en la inauguraci\u00f3n de la planta Zagis en Hidalgo"},"content":{"rendered":"<aside class=\"mashsb-container mashsb-main mashsb-stretched\"><div class=\"mashsb-box\"><div class=\"mashsb-count mash-large\" style=\"float:left\"><div class=\"counts mashsbcount\">36<\/div><span class=\"mashsb-sharetext\">SHARES<\/span><\/div><div class=\"mashsb-buttons\"><a class=\"mashicon-facebook mash-large mash-center mashsb-noshadow\" href=\"https:\/\/www.facebook.com\/sharer.php?u=https%3A%2F%2Fwww.zunoticia.com%2Fnoticias-de-hidalgo%2F2023%2F12%2F10%2Fparticipa-menchaca-salazar-en-la-inauguracion-de-la-planta-zagis-en-hidalgo%2F\" target=\"_top\" rel=\"nofollow\"><span class=\"icon\"><\/span><span class=\"text\">Share<\/span><\/a><a class=\"mashicon-twitter mash-large mash-center mashsb-noshadow\" href=\"https:\/\/twitter.com\/intent\/tweet?text=&amp;url=https:\/\/www.zunoticia.com\/noticias-de-hidalgo\/2023\/12\/10\/participa-menchaca-salazar-en-la-inauguracion-de-la-planta-zagis-en-hidalgo\/\" target=\"_top\" rel=\"nofollow\"><span class=\"icon\"><\/span><span class=\"text\">Tweet<\/span><\/a><div class=\"onoffswitch2 mash-large mashsb-noshadow\" style=\"display:none\"><\/div><\/div>\n            <\/div>\n                <div style=\"clear:both\"><\/div><div class=\"mashsb-toggle-container\"><\/div><\/aside>\n            <!-- Share buttons by mashshare.net - Version: 4.0.47-->\n<ul class=\"wp-block-list\">\n<li>Representa una inversi\u00f3n de m\u00e1s de 467 millones de pesos.<\/li>\n<\/ul>\n\n\n\n<p><a><em>Por Redacci\u00f3n\/Zunoticia<\/em><\/a><\/p>\n\n\n\n<p><strong>Pachuca de Soto, Hgo.-<\/strong> En el marco del cuarto anuncio de inversi\u00f3n privada en la entidad, el gobernador Julio Menchaca Salazar estuvo presente en la inauguraci\u00f3n de la nueva planta textilera de la empresa Zagis, misma que se localiza en el municipio de Tepeji del R\u00edo y en donde se emplear\u00e1n a m\u00e1s de 200 personas.<\/p>\n\n\n\n<p>El mandatario hidalguense agradeci\u00f3 la confianza que este tipo de empresas muestran en el estado, recordando que su administraci\u00f3n continuar\u00e1 con el impulso de pol\u00edticas p\u00fablicas que favorezcan la llegada de proyectos productivos bajo un estricto cuidado a la transparencia y el combate a la corrupci\u00f3n.<\/p>\n\n\n\n<figure class=\"wp-block-image size-full\"><img fetchpriority=\"high\" decoding=\"async\" width=\"1280\" height=\"719\" src=\"https:\/\/www.zunoticia.com\/noticias-de-hidalgo\/wp-content\/uploads\/2023\/12\/eZy-Watermark_10-12-2023_06-42-39-9490p.m.jpg\" alt=\"\" class=\"wp-image-517592\"\/><\/figure>\n\n\n\n<p>\u201cEstamos muy contentas y contentos de poder acompa\u00f1ar esta apertura, que es muestra del trabajo y la dedicaci\u00f3n de varias generaciones que han puesto todo su empe\u00f1o en consolidar una empresa socialmente responsable y corresponsable con las comunidades en las que se instalan; tengan la seguridad de que desde el Gobierno de Hidalgo seguiremos acompa\u00f1ando estos proyectos que contribuyen a disminuir la pobreza y las brechas de desigualdad\u201d, resalt\u00f3 Menchaca Salazar.&nbsp;<\/p>\n\n\n\n<p>Durante esta visita, el titular del Ejecutivo estatal tambi\u00e9n realiz\u00f3 un recorrido por las nuevas instalaciones, en donde el director general de Zagis, Rafael Zaga Saba, mostr\u00f3 los procesos de manufactura en la fabricaci\u00f3n de hilos y telas de algod\u00f3n org\u00e1nico.<\/p>\n\n\n\n<p>\u201cNos hemos preocupado en invertir en procesos de tecnolog\u00eda de punta y operar con pr\u00e1cticas de producci\u00f3n sustentables, con impactos positivos, no solo en la productividad y calidad, sino en la reducci\u00f3n de la huella de carbono, ocupando un bajo consumo de energ\u00eda, siendo esta 100 por ciento renovable, adem\u00e1s de que el agua utilizada es mayoritariamente tratada o reciclada\u201d, explic\u00f3 Zaga Saba.<\/p>\n\n\n\n<p>Igualmente dio a conocer que actualmente cuentan con 9 certificaciones a lo largo de su cadena de valor y con esta inversi\u00f3n la empresa lograr\u00e1 aumentar su producci\u00f3n de \u00e1rea -al pasar de 170 a 200 toneladas diarias de hilo-.<\/p>\n\n\n\n<p>Al concluir esta visita, tanto el gobernador como la directiva de Zagis coincidieron en la importancia del nearshoring, pues se trata de aprovechar la ubicaci\u00f3n geogr\u00e1fica del estado, sus comunicaciones y su cercan\u00eda con el Aeropuerto Internacional Felipe \u00c1ngeles (AIFA) para potencializar la atracci\u00f3n de nuevas inversiones en beneficio de las y los hidalguenses.<\/p>\n\n\n\n<p>\u201cEl estado de Hidalgo cuenta con una cartera muy importante de posibilidades para que estos nuevos proyectos de inversi\u00f3n lleguen y generen arraigo. Adem\u00e1s de eso, contamos con el respaldo del Gobierno de M\u00e9xico, pues el presidente Andr\u00e9s Manuel L\u00f3pez Obrador, se ha encargado de generar proyectos que nos incluyen y favorecen como el AIFA o los nuevos anuncios que refieren al mejoramiento de la movilidad con el resto de la Zona Metropolitana del Valle de M\u00e9xico\u201d, concluy\u00f3 Menchaca Salazar.<\/p>\n","protected":false},"excerpt":{"rendered":"<p>Por Redacci\u00f3n\/Zunoticia Pachuca de Soto, Hgo.- En el marco del cuarto anuncio de inversi\u00f3n privada en la entidad, el gobernador Julio Menchaca Salazar estuvo presente en la inauguraci\u00f3n de la nueva planta textilera de la empresa Zagis, misma que se localiza en el municipio de Tepeji del R\u00edo y en donde se emplear\u00e1n a m\u00e1s&hellip; <a class=\"more-link\" href=\"https:\/\/www.zunoticia.com\/noticias-de-hidalgo\/2023\/12\/10\/participa-menchaca-salazar-en-la-inauguracion-de-la-planta-zagis-en-hidalgo\/\">Seguir leyendo <span class=\"screen-reader-text\">Participa Menchaca Salazar en la inauguraci\u00f3n de la planta Zagis en Hidalgo<\/span><\/a><\/p>\n","protected":false},"author":12,"featured_media":517593,"comment_status":"open","ping_status":"open","sticky":false,"template":"","format":"standard","meta":{"rop_custom_images_group":[],"rop_custom_messages_group":[],"rop_publish_now":"initial","rop_publish_now_accounts":{"facebook_10159540855086992_322828327761733":""},"rop_publish_now_history":[],"rop_publish_now_status":"pending","footnotes":""},"categories":[208],"tags":[214],"class_list":["post-517619","post","type-post","status-publish","format-standard","has-post-thumbnail","hentry","category-estado","tag-estado","entry"],"_links":{"self":[{"href":"https:\/\/www.zunoticia.com\/noticias-de-hidalgo\/wp-json\/wp\/v2\/posts\/517619","targetHints":{"allow":["GET"]}}],"collection":[{"href":"https:\/\/www.zunoticia.com\/noticias-de-hidalgo\/wp-json\/wp\/v2\/posts"}],"about":[{"href":"https:\/\/www.zunoticia.com\/noticias-de-hidalgo\/wp-json\/wp\/v2\/types\/post"}],"author":[{"embeddable":true,"href":"https:\/\/www.zunoticia.com\/noticias-de-hidalgo\/wp-json\/wp\/v2\/users\/12"}],"replies":[{"embeddable":true,"href":"https:\/\/www.zunoticia.com\/noticias-de-hidalgo\/wp-json\/wp\/v2\/comments?post=517619"}],"version-history":[{"count":1,"href":"https:\/\/www.zunoticia.com\/noticias-de-hidalgo\/wp-json\/wp\/v2\/posts\/517619\/revisions"}],"predecessor-version":[{"id":517621,"href":"https:\/\/www.zunoticia.com\/noticias-de-hidalgo\/wp-json\/wp\/v2\/posts\/517619\/revisions\/517621"}],"wp:featuredmedia":[{"embeddable":true,"href":"https:\/\/www.zunoticia.com\/noticias-de-hidalgo\/wp-json\/wp\/v2\/media\/517593"}],"wp:attachment":[{"href":"https:\/\/www.zunoticia.com\/noticias-de-hidalgo\/wp-json\/wp\/v2\/media?parent=517619"}],"wp:term":[{"taxonomy":"category","embeddable":true,"href":"https:\/\/www.zunoticia.com\/noticias-de-hidalgo\/wp-json\/wp\/v2\/categories?post=517619"},{"taxonomy":"post_tag","embeddable":true,"href":"https:\/\/www.zunoticia.com\/noticias-de-hidalgo\/wp-json\/wp\/v2\/tags?post=517619"}],"curies":[{"name":"wp","href":"https:\/\/api.w.org\/{rel}","templated":true}]}}