{"id":517625,"date":"2023-12-10T20:06:54","date_gmt":"2023-12-11T02:06:54","guid":{"rendered":"https:\/\/www.zunoticia.com\/noticias-de-hidalgo\/?p=517625"},"modified":"2023-12-10T20:06:55","modified_gmt":"2023-12-11T02:06:55","slug":"en-huejutla-se-conformo-la-asociacion-civil-manos-unidas","status":"publish","type":"post","link":"https:\/\/www.zunoticia.com\/noticias-de-hidalgo\/2023\/12\/10\/en-huejutla-se-conformo-la-asociacion-civil-manos-unidas\/","title":{"rendered":"En Huejutla se conform\u00f3 la asociaci\u00f3n civil \u201cManos Unidas\u201d"},"content":{"rendered":"<aside class=\"mashsb-container mashsb-main mashsb-stretched\"><div class=\"mashsb-box\"><div class=\"mashsb-count mash-large\" style=\"float:left\"><div class=\"counts mashsbcount\">21<\/div><span class=\"mashsb-sharetext\">SHARES<\/span><\/div><div class=\"mashsb-buttons\"><a class=\"mashicon-facebook mash-large mash-center mashsb-noshadow\" href=\"https:\/\/www.facebook.com\/sharer.php?u=https%3A%2F%2Fwww.zunoticia.com%2Fnoticias-de-hidalgo%2F2023%2F12%2F10%2Fen-huejutla-se-conformo-la-asociacion-civil-manos-unidas%2F\" target=\"_top\" rel=\"nofollow\"><span class=\"icon\"><\/span><span class=\"text\">Share<\/span><\/a><a class=\"mashicon-twitter mash-large mash-center mashsb-noshadow\" href=\"https:\/\/twitter.com\/intent\/tweet?text=&amp;url=https:\/\/www.zunoticia.com\/noticias-de-hidalgo\/2023\/12\/10\/en-huejutla-se-conformo-la-asociacion-civil-manos-unidas\/\" target=\"_top\" rel=\"nofollow\"><span class=\"icon\"><\/span><span class=\"text\">Tweet<\/span><\/a><div class=\"onoffswitch2 mash-large mashsb-noshadow\" style=\"display:none\"><\/div><\/div>\n            <\/div>\n                <div style=\"clear:both\"><\/div><div class=\"mashsb-toggle-container\"><\/div><\/aside>\n            <!-- Share buttons by mashshare.net - Version: 4.0.47-->\n<p><em>Por Karen Rivera\/Zunoticia<\/em><\/p>\n\n\n\n<p><strong>Huejutla de Reyes, Hgo.-<\/strong> Dar\u00edo Badillo Galv\u00e1n dio a conocer la conformaci\u00f3n de la nueva asociaci\u00f3n civil \u201cManos Unidas\u201d, donde asegur\u00f3 que, junto con su equipo trabajar\u00e1n por el bien de los m\u00e1s vulnerables.<\/p>\n\n\n\n<p>Alrededor de las 11:00 de la ma\u00f1ana de este domingo 10 de diciembre del a\u00f1o en curso, Badillo Galv\u00e1n cit\u00f3 a los distintos medios de comunicaci\u00f3n para dar a conocer acerca de la conformaci\u00f3n de la asociaci\u00f3n civil \u201cManos Unidas\u201d, esto con la finalidad de poner de conocimiento a la poblaci\u00f3n que atender\u00e1n las necesidades prioritarias de la sociedad, sobre todo de los m\u00e1s vulnerables.<\/p>\n\n\n\n<p>Indic\u00f3 que, en su mayor\u00eda esta asociaci\u00f3n est\u00e1 conformada por j\u00f3venes, sin embargo, manifest\u00f3 que cuentan con la experiencia, ya que tienen trabajo en campo.<\/p>\n\n\n\n<p>\u201cNuestro objetivo es poder entrar y ayudar a la sociedad m\u00e1s vulnerable, sabemos que en estos tiempos el bienestar de la gente no es el mejor momento que estamos pasando, sin embargo, nosotros queremos poner nuestro granito de arena para salir adelante junto con todos ellos\u201d, cit\u00f3.<\/p>\n\n\n\n<p>\u201cQuiero decir a la sociedad que somos muchas manos las que estamos unidas y estar de la mano para las necesidades primordiales que ustedes tengan y les reiteramos nuestro apoyo\u201d, puntualiz\u00f3.<\/p>\n","protected":false},"excerpt":{"rendered":"<p>Por Karen Rivera\/Zunoticia Huejutla de Reyes, Hgo.- Dar\u00edo Badillo Galv\u00e1n dio a conocer la conformaci\u00f3n de la nueva asociaci\u00f3n civil \u201cManos Unidas\u201d, donde asegur\u00f3 que, junto con su equipo trabajar\u00e1n por el bien de los m\u00e1s vulnerables. Alrededor de las 11:00 de la ma\u00f1ana de este domingo 10 de diciembre del a\u00f1o en curso, Badillo&hellip; <a class=\"more-link\" href=\"https:\/\/www.zunoticia.com\/noticias-de-hidalgo\/2023\/12\/10\/en-huejutla-se-conformo-la-asociacion-civil-manos-unidas\/\">Seguir leyendo <span class=\"screen-reader-text\">En Huejutla se conform\u00f3 la asociaci\u00f3n civil \u201cManos Unidas\u201d<\/span><\/a><\/p>\n","protected":false},"author":12,"featured_media":517583,"comment_status":"open","ping_status":"open","sticky":false,"template":"","format":"standard","meta":{"rop_custom_images_group":[],"rop_custom_messages_group":[],"rop_publish_now":"initial","rop_publish_now_accounts":{"facebook_10159540855086992_322828327761733":""},"rop_publish_now_history":[],"rop_publish_now_status":"pending","footnotes":""},"categories":[181],"tags":[121],"class_list":["post-517625","post","type-post","status-publish","format-standard","has-post-thumbnail","hentry","category-huejutla","tag-huejutla","entry"],"_links":{"self":[{"href":"https:\/\/www.zunoticia.com\/noticias-de-hidalgo\/wp-json\/wp\/v2\/posts\/517625","targetHints":{"allow":["GET"]}}],"collection":[{"href":"https:\/\/www.zunoticia.com\/noticias-de-hidalgo\/wp-json\/wp\/v2\/posts"}],"about":[{"href":"https:\/\/www.zunoticia.com\/noticias-de-hidalgo\/wp-json\/wp\/v2\/types\/post"}],"author":[{"embeddable":true,"href":"https:\/\/www.zunoticia.com\/noticias-de-hidalgo\/wp-json\/wp\/v2\/users\/12"}],"replies":[{"embeddable":true,"href":"https:\/\/www.zunoticia.com\/noticias-de-hidalgo\/wp-json\/wp\/v2\/comments?post=517625"}],"version-history":[{"count":1,"href":"https:\/\/www.zunoticia.com\/noticias-de-hidalgo\/wp-json\/wp\/v2\/posts\/517625\/revisions"}],"predecessor-version":[{"id":517628,"href":"https:\/\/www.zunoticia.com\/noticias-de-hidalgo\/wp-json\/wp\/v2\/posts\/517625\/revisions\/517628"}],"wp:featuredmedia":[{"embeddable":true,"href":"https:\/\/www.zunoticia.com\/noticias-de-hidalgo\/wp-json\/wp\/v2\/media\/517583"}],"wp:attachment":[{"href":"https:\/\/www.zunoticia.com\/noticias-de-hidalgo\/wp-json\/wp\/v2\/media?parent=517625"}],"wp:term":[{"taxonomy":"category","embeddable":true,"href":"https:\/\/www.zunoticia.com\/noticias-de-hidalgo\/wp-json\/wp\/v2\/categories?post=517625"},{"taxonomy":"post_tag","embeddable":true,"href":"https:\/\/www.zunoticia.com\/noticias-de-hidalgo\/wp-json\/wp\/v2\/tags?post=517625"}],"curies":[{"name":"wp","href":"https:\/\/api.w.org\/{rel}","templated":true}]}}