{"id":518159,"date":"2023-12-14T18:28:05","date_gmt":"2023-12-15T00:28:05","guid":{"rendered":"https:\/\/www.zunoticia.com\/noticias-de-hidalgo\/?p=518159"},"modified":"2023-12-14T18:28:06","modified_gmt":"2023-12-15T00:28:06","slug":"alcaldesa-invita-a-familias-a-visitar-la-villa-navidena","status":"publish","type":"post","link":"https:\/\/www.zunoticia.com\/noticias-de-hidalgo\/2023\/12\/14\/alcaldesa-invita-a-familias-a-visitar-la-villa-navidena\/","title":{"rendered":"Alcaldesa invita a familias a visitar la Villa Navide\u00f1a"},"content":{"rendered":"<aside class=\"mashsb-container mashsb-main mashsb-stretched\"><div class=\"mashsb-box\"><div class=\"mashsb-count mash-large\" style=\"float:left\"><div class=\"counts mashsbcount\">1<\/div><span class=\"mashsb-sharetext\">SHARES<\/span><\/div><div class=\"mashsb-buttons\"><a class=\"mashicon-facebook mash-large mash-center mashsb-noshadow\" href=\"https:\/\/www.facebook.com\/sharer.php?u=https%3A%2F%2Fwww.zunoticia.com%2Fnoticias-de-hidalgo%2F2023%2F12%2F14%2Falcaldesa-invita-a-familias-a-visitar-la-villa-navidena%2F\" target=\"_top\" rel=\"nofollow\"><span class=\"icon\"><\/span><span class=\"text\">Share<\/span><\/a><a class=\"mashicon-twitter mash-large mash-center mashsb-noshadow\" href=\"https:\/\/twitter.com\/intent\/tweet?text=&amp;url=https:\/\/www.zunoticia.com\/noticias-de-hidalgo\/2023\/12\/14\/alcaldesa-invita-a-familias-a-visitar-la-villa-navidena\/\" target=\"_top\" rel=\"nofollow\"><span class=\"icon\"><\/span><span class=\"text\">Tweet<\/span><\/a><div class=\"onoffswitch2 mash-large mashsb-noshadow\" style=\"display:none\"><\/div><\/div>\n            <\/div>\n                <div style=\"clear:both\"><\/div><div class=\"mashsb-toggle-container\"><\/div><\/aside>\n            <!-- Share buttons by mashshare.net - Version: 4.0.47-->\n<p><em>Por \u00c1ngel Silverio\/Zunoticia<\/em><\/p>\n\n\n\n<p><strong>San Felipe Orizatl\u00e1n, Hgo.-<\/strong> La noche del pasado mi\u00e9rcoles, la alcaldesa Erika Saab Lara inaugur\u00f3 la villa navide\u00f1a, la cual estar\u00e1 hasta la primera semana del mes de enero, por lo que invit\u00f3 a las familias a que visiten y disfruten de toda la ornamentaci\u00f3n que se ha colocado y que aprovechen estas fiestas en compa\u00f1\u00eda de sus familiares.<\/p>\n\n\n\n<p>Entrevistada al respecto, la presidenta municipal se\u00f1al\u00f3 que, la navidad es una \u00e9poca de compartir y convivir en familia, en estas fechas c\u00e1lidas -&#8220;Invitarlos a que visiten el municipio, para los ni\u00f1os se realiz\u00f3 una estaci\u00f3n de tren, denominado Orizatl\u00e1n Expr\u00e9s, donde podr\u00e1n dar un m\u00e1gico recorrido por toda la villa, que se tomen fotos en todos los arreglos que han sido colocados, que fueron hechos con mucho amor\u201d.<\/p>\n\n\n\n<p>Agreg\u00f3, &#8211; \u201cQueremos desearles a nombre del ayuntamiento, que el amor, la paz y la salud reinen en sus hogares, que esta navidad las familias est\u00e9n m\u00e1s unidas que nunca y que la llegada del a\u00f1o nuevo llegue cargada de bendiciones y mucha prosperidad\u201d.<\/p>\n\n\n\n<p>El recorrido en el tren navide\u00f1o inicia por la tarde, en punto de las 7:00 de la tarde; las familias y ni\u00f1os pueden acudir y realizar un peque\u00f1o recorrido por esta villa, as\u00ed como tambi\u00e9n se les invita a que cuiden de la misma.<\/p>\n","protected":false},"excerpt":{"rendered":"<p>Por \u00c1ngel Silverio\/Zunoticia San Felipe Orizatl\u00e1n, Hgo.- La noche del pasado mi\u00e9rcoles, la alcaldesa Erika Saab Lara inaugur\u00f3 la villa navide\u00f1a, la cual estar\u00e1 hasta la primera semana del mes de enero, por lo que invit\u00f3 a las familias a que visiten y disfruten de toda la ornamentaci\u00f3n que se ha colocado y que aprovechen&hellip; <a class=\"more-link\" href=\"https:\/\/www.zunoticia.com\/noticias-de-hidalgo\/2023\/12\/14\/alcaldesa-invita-a-familias-a-visitar-la-villa-navidena\/\">Seguir leyendo <span class=\"screen-reader-text\">Alcaldesa invita a familias a visitar la Villa Navide\u00f1a<\/span><\/a><\/p>\n","protected":false},"author":20,"featured_media":518160,"comment_status":"open","ping_status":"open","sticky":false,"template":"","format":"standard","meta":{"rop_custom_images_group":[],"rop_custom_messages_group":[],"rop_publish_now":"initial","rop_publish_now_accounts":{"facebook_10159540855086992_322828327761733":""},"rop_publish_now_history":[],"rop_publish_now_status":"pending","footnotes":""},"categories":[179,180],"tags":[229,129],"class_list":["post-518159","post","type-post","status-publish","format-standard","has-post-thumbnail","hentry","category-huasteca","category-orizatlan","tag-huasteca","tag-orizatlan","entry"],"_links":{"self":[{"href":"https:\/\/www.zunoticia.com\/noticias-de-hidalgo\/wp-json\/wp\/v2\/posts\/518159","targetHints":{"allow":["GET"]}}],"collection":[{"href":"https:\/\/www.zunoticia.com\/noticias-de-hidalgo\/wp-json\/wp\/v2\/posts"}],"about":[{"href":"https:\/\/www.zunoticia.com\/noticias-de-hidalgo\/wp-json\/wp\/v2\/types\/post"}],"author":[{"embeddable":true,"href":"https:\/\/www.zunoticia.com\/noticias-de-hidalgo\/wp-json\/wp\/v2\/users\/20"}],"replies":[{"embeddable":true,"href":"https:\/\/www.zunoticia.com\/noticias-de-hidalgo\/wp-json\/wp\/v2\/comments?post=518159"}],"version-history":[{"count":1,"href":"https:\/\/www.zunoticia.com\/noticias-de-hidalgo\/wp-json\/wp\/v2\/posts\/518159\/revisions"}],"predecessor-version":[{"id":518161,"href":"https:\/\/www.zunoticia.com\/noticias-de-hidalgo\/wp-json\/wp\/v2\/posts\/518159\/revisions\/518161"}],"wp:featuredmedia":[{"embeddable":true,"href":"https:\/\/www.zunoticia.com\/noticias-de-hidalgo\/wp-json\/wp\/v2\/media\/518160"}],"wp:attachment":[{"href":"https:\/\/www.zunoticia.com\/noticias-de-hidalgo\/wp-json\/wp\/v2\/media?parent=518159"}],"wp:term":[{"taxonomy":"category","embeddable":true,"href":"https:\/\/www.zunoticia.com\/noticias-de-hidalgo\/wp-json\/wp\/v2\/categories?post=518159"},{"taxonomy":"post_tag","embeddable":true,"href":"https:\/\/www.zunoticia.com\/noticias-de-hidalgo\/wp-json\/wp\/v2\/tags?post=518159"}],"curies":[{"name":"wp","href":"https:\/\/api.w.org\/{rel}","templated":true}]}}