{"id":518169,"date":"2023-12-14T18:52:57","date_gmt":"2023-12-15T00:52:57","guid":{"rendered":"https:\/\/www.zunoticia.com\/noticias-de-hidalgo\/?p=518169"},"modified":"2023-12-14T18:52:59","modified_gmt":"2023-12-15T00:52:59","slug":"en-mecatlan-encendieron-el-arbol-de-navidad","status":"publish","type":"post","link":"https:\/\/www.zunoticia.com\/noticias-de-hidalgo\/2023\/12\/14\/en-mecatlan-encendieron-el-arbol-de-navidad\/","title":{"rendered":"En Mecatl\u00e1n encendieron el \u00e1rbol de navidad"},"content":{"rendered":"<aside class=\"mashsb-container mashsb-main mashsb-stretched\"><div class=\"mashsb-box\"><div class=\"mashsb-count mash-large\" style=\"float:left\"><div class=\"counts mashsbcount\">37<\/div><span class=\"mashsb-sharetext\">SHARES<\/span><\/div><div class=\"mashsb-buttons\"><a class=\"mashicon-facebook mash-large mash-center mashsb-noshadow\" href=\"https:\/\/www.facebook.com\/sharer.php?u=https%3A%2F%2Fwww.zunoticia.com%2Fnoticias-de-hidalgo%2F2023%2F12%2F14%2Fen-mecatlan-encendieron-el-arbol-de-navidad%2F\" target=\"_top\" rel=\"nofollow\"><span class=\"icon\"><\/span><span class=\"text\">Share<\/span><\/a><a class=\"mashicon-twitter mash-large mash-center mashsb-noshadow\" href=\"https:\/\/twitter.com\/intent\/tweet?text=&amp;url=https:\/\/www.zunoticia.com\/noticias-de-hidalgo\/2023\/12\/14\/en-mecatlan-encendieron-el-arbol-de-navidad\/\" target=\"_top\" rel=\"nofollow\"><span class=\"icon\"><\/span><span class=\"text\">Tweet<\/span><\/a><div class=\"onoffswitch2 mash-large mashsb-noshadow\" style=\"display:none\"><\/div><\/div>\n            <\/div>\n                <div style=\"clear:both\"><\/div><div class=\"mashsb-toggle-container\"><\/div><\/aside>\n            <!-- Share buttons by mashshare.net - Version: 4.0.47-->\n<p><em>Por Roberto Meza Ram\u00edrez\/Zunoticia<\/em><\/p>\n\n\n\n<p><strong>Yahualica, Hgo<\/strong>. &#8211; Con la presencia del presidente municipal Licenciado Sen\u00f3n Navarro Morales, autoridades delegacionales de Mecatl\u00e1n y dem\u00e1s funcionarios municipales, se llev\u00f3 a cabo el encendido del \u00e1rbol de navidad en esa localidad.<\/p>\n\n\n\n<p>En esa poblaci\u00f3n se llev\u00f3 primeramente un desfile navide\u00f1o por las principales calles, despu\u00e9s se concentraron en la galera p\u00fablica para realizar el encendido del \u00e1rbol de navidad; en el evento participaron los alumnos de preescolar, primaria, secundaria y COBAEH, quienes participaron con diversos n\u00fameros art\u00edsticos.<\/p>\n\n\n\n<p>El presidente municipal al enviar su mensaje dijo estar muy contento por esta gran celebraci\u00f3n, al mismo tiempo dese\u00f3 lo mejor a todas las familias del municipio para esta navidad y a\u00f1o nuevo; resalt\u00f3 que seguir\u00e1n trabajando para el progreso del municipio con obras y acciones que beneficien a todos.<\/p>\n\n\n\n<p>El presidente municipal tambi\u00e9n agradeci\u00f3 a las autoridades de esa comunidad por esta gran celebraci\u00f3n de la navidad.<\/p>\n\n\n\n<p><\/p>\n\n\n\n<figure class=\"wp-block-gallery has-nested-images columns-default is-cropped wp-block-gallery-1 is-layout-flex wp-block-gallery-is-layout-flex\">\n<figure class=\"wp-block-image size-large\"><img fetchpriority=\"high\" decoding=\"async\" width=\"940\" height=\"788\" data-id=\"518175\" src=\"https:\/\/www.zunoticia.com\/noticias-de-hidalgo\/wp-content\/uploads\/2023\/12\/Zunoticia-2-43.png\" alt=\"\" class=\"wp-image-518175\"\/><\/figure>\n\n\n\n<figure class=\"wp-block-image size-large\"><img decoding=\"async\" width=\"940\" height=\"788\" data-id=\"518174\" src=\"https:\/\/www.zunoticia.com\/noticias-de-hidalgo\/wp-content\/uploads\/2023\/12\/Zunoticia-1-145.png\" alt=\"\" class=\"wp-image-518174\"\/><\/figure>\n<\/figure>\n","protected":false},"excerpt":{"rendered":"<p>Por Roberto Meza Ram\u00edrez\/Zunoticia Yahualica, Hgo. &#8211; Con la presencia del presidente municipal Licenciado Sen\u00f3n Navarro Morales, autoridades delegacionales de Mecatl\u00e1n y dem\u00e1s funcionarios municipales, se llev\u00f3 a cabo el encendido del \u00e1rbol de navidad en esa localidad. En esa poblaci\u00f3n se llev\u00f3 primeramente un desfile navide\u00f1o por las principales calles, despu\u00e9s se concentraron en&hellip; <a class=\"more-link\" href=\"https:\/\/www.zunoticia.com\/noticias-de-hidalgo\/2023\/12\/14\/en-mecatlan-encendieron-el-arbol-de-navidad\/\">Seguir leyendo <span class=\"screen-reader-text\">En Mecatl\u00e1n encendieron el \u00e1rbol de navidad<\/span><\/a><\/p>\n","protected":false},"author":20,"featured_media":518173,"comment_status":"open","ping_status":"open","sticky":false,"template":"","format":"standard","meta":{"rop_custom_images_group":[],"rop_custom_messages_group":[],"rop_publish_now":"initial","rop_publish_now_accounts":{"facebook_10159540855086992_322828327761733":""},"rop_publish_now_history":[],"rop_publish_now_status":"pending","footnotes":""},"categories":[179,203],"tags":[229,123],"class_list":["post-518169","post","type-post","status-publish","format-standard","has-post-thumbnail","hentry","category-huasteca","category-yahualica","tag-huasteca","tag-yahualica","entry"],"_links":{"self":[{"href":"https:\/\/www.zunoticia.com\/noticias-de-hidalgo\/wp-json\/wp\/v2\/posts\/518169","targetHints":{"allow":["GET"]}}],"collection":[{"href":"https:\/\/www.zunoticia.com\/noticias-de-hidalgo\/wp-json\/wp\/v2\/posts"}],"about":[{"href":"https:\/\/www.zunoticia.com\/noticias-de-hidalgo\/wp-json\/wp\/v2\/types\/post"}],"author":[{"embeddable":true,"href":"https:\/\/www.zunoticia.com\/noticias-de-hidalgo\/wp-json\/wp\/v2\/users\/20"}],"replies":[{"embeddable":true,"href":"https:\/\/www.zunoticia.com\/noticias-de-hidalgo\/wp-json\/wp\/v2\/comments?post=518169"}],"version-history":[{"count":1,"href":"https:\/\/www.zunoticia.com\/noticias-de-hidalgo\/wp-json\/wp\/v2\/posts\/518169\/revisions"}],"predecessor-version":[{"id":518176,"href":"https:\/\/www.zunoticia.com\/noticias-de-hidalgo\/wp-json\/wp\/v2\/posts\/518169\/revisions\/518176"}],"wp:featuredmedia":[{"embeddable":true,"href":"https:\/\/www.zunoticia.com\/noticias-de-hidalgo\/wp-json\/wp\/v2\/media\/518173"}],"wp:attachment":[{"href":"https:\/\/www.zunoticia.com\/noticias-de-hidalgo\/wp-json\/wp\/v2\/media?parent=518169"}],"wp:term":[{"taxonomy":"category","embeddable":true,"href":"https:\/\/www.zunoticia.com\/noticias-de-hidalgo\/wp-json\/wp\/v2\/categories?post=518169"},{"taxonomy":"post_tag","embeddable":true,"href":"https:\/\/www.zunoticia.com\/noticias-de-hidalgo\/wp-json\/wp\/v2\/tags?post=518169"}],"curies":[{"name":"wp","href":"https:\/\/api.w.org\/{rel}","templated":true}]}}