{"id":518410,"date":"2023-12-16T12:24:28","date_gmt":"2023-12-16T18:24:28","guid":{"rendered":"https:\/\/www.zunoticia.com\/noticias-de-hidalgo\/?p=518410"},"modified":"2023-12-16T12:24:41","modified_gmt":"2023-12-16T18:24:41","slug":"celebro-ayuntamiento-posada-con-delegados","status":"publish","type":"post","link":"https:\/\/www.zunoticia.com\/noticias-de-hidalgo\/2023\/12\/16\/celebro-ayuntamiento-posada-con-delegados\/","title":{"rendered":"Celebr\u00f3 ayuntamiento posada con delegados"},"content":{"rendered":"<aside class=\"mashsb-container mashsb-main mashsb-stretched\"><div class=\"mashsb-box\"><div class=\"mashsb-count mash-large\" style=\"float:left\"><div class=\"counts mashsbcount\">2<\/div><span class=\"mashsb-sharetext\">SHARES<\/span><\/div><div class=\"mashsb-buttons\"><a class=\"mashicon-facebook mash-large mash-center mashsb-noshadow\" href=\"https:\/\/www.facebook.com\/sharer.php?u=https%3A%2F%2Fwww.zunoticia.com%2Fnoticias-de-hidalgo%2F2023%2F12%2F16%2Fcelebro-ayuntamiento-posada-con-delegados%2F\" target=\"_top\" rel=\"nofollow\"><span class=\"icon\"><\/span><span class=\"text\">Share<\/span><\/a><a class=\"mashicon-twitter mash-large mash-center mashsb-noshadow\" href=\"https:\/\/twitter.com\/intent\/tweet?text=&amp;url=https:\/\/www.zunoticia.com\/noticias-de-hidalgo\/2023\/12\/16\/celebro-ayuntamiento-posada-con-delegados\/\" target=\"_top\" rel=\"nofollow\"><span class=\"icon\"><\/span><span class=\"text\">Tweet<\/span><\/a><div class=\"onoffswitch2 mash-large mashsb-noshadow\" style=\"display:none\"><\/div><\/div>\n            <\/div>\n                <div style=\"clear:both\"><\/div><div class=\"mashsb-toggle-container\"><\/div><\/aside>\n            <!-- Share buttons by mashshare.net - Version: 4.0.47-->\n<p><\/p>\n\n\n\n<p><em>Por Le\u00f3n Eduardo Fern\u00e1ndez Huesca \/ Zunoticia<\/em><\/p>\n\n\n\n<p><strong>Xochiatipan, Hgo<\/strong>. &#8211; El gobierno municipal que encabeza \u00d3scar Bautista Guti\u00e9rrez celebr\u00f3 la tradicional posada navide\u00f1a con los delegados de las comunidades y comisariados ejidales de esa demarcaci\u00f3n, como agradecimiento al apoyo que le brindaron durante el a\u00f1o pr\u00f3ximo a culminar.<\/p>\n\n\n\n<p>El alcalde estuvo acompa\u00f1ado de los miembros del cabildo y funcionarios de su administraci\u00f3n, quienes saludaron de mano y felicitaron a cada uno de los delgados y sus comitivas, quienes disfrutaron de una convivencia con motivo de las fiestas decembrinas, recibiendo un peque\u00f1o pero significativo obsequio.<\/p>\n\n\n\n<p>En su intervenci\u00f3n al micr\u00f3fono, algunos de los delegados agradecieron al ejecutivo municipal las acciones que su gobierno llev\u00f3 a cabo en sus lugares de residencia, reafirmando el compromiso de trabajar hombro con hombro en el 2024 para que los xochiatipenses tengan mejores condiciones de vida.<\/p>\n\n\n\n<figure class=\"wp-block-gallery has-nested-images columns-default is-cropped wp-block-gallery-1 is-layout-flex wp-block-gallery-is-layout-flex\">\n<figure class=\"wp-block-image\"><img fetchpriority=\"high\" decoding=\"async\" width=\"720\" height=\"480\" data-id=\"518409\" src=\"https:\/\/www.zunoticia.com\/noticias-de-hidalgo\/wp-content\/uploads\/2023\/12\/eZy_watermark_16-12-2023_12-18-51.jpg\" alt=\"\" class=\"wp-image-518409\"\/><\/figure>\n\n\n\n<figure class=\"wp-block-image\"><img decoding=\"async\" width=\"720\" height=\"480\" data-id=\"518408\" src=\"https:\/\/www.zunoticia.com\/noticias-de-hidalgo\/wp-content\/uploads\/2023\/12\/eZy_watermark_16-12-2023_12-19-34.jpg\" alt=\"\" class=\"wp-image-518408\"\/><\/figure>\n<\/figure>\n\n\n\n<p><\/p>\n","protected":false},"excerpt":{"rendered":"<p>Por Le\u00f3n Eduardo Fern\u00e1ndez Huesca \/ Zunoticia Xochiatipan, Hgo. &#8211; El gobierno municipal que encabeza \u00d3scar Bautista Guti\u00e9rrez celebr\u00f3 la tradicional posada navide\u00f1a con los delegados de las comunidades y comisariados ejidales de esa demarcaci\u00f3n, como agradecimiento al apoyo que le brindaron durante el a\u00f1o pr\u00f3ximo a culminar. El alcalde estuvo acompa\u00f1ado de los miembros&hellip; <a class=\"more-link\" href=\"https:\/\/www.zunoticia.com\/noticias-de-hidalgo\/2023\/12\/16\/celebro-ayuntamiento-posada-con-delegados\/\">Seguir leyendo <span class=\"screen-reader-text\">Celebr\u00f3 ayuntamiento posada con delegados<\/span><\/a><\/p>\n","protected":false},"author":20,"featured_media":518407,"comment_status":"open","ping_status":"open","sticky":false,"template":"","format":"standard","meta":{"rop_custom_images_group":[],"rop_custom_messages_group":[],"rop_publish_now":"initial","rop_publish_now_accounts":{"facebook_10159540855086992_322828327761733":""},"rop_publish_now_history":[],"rop_publish_now_status":"pending","footnotes":""},"categories":[179,202],"tags":[229,135],"class_list":["post-518410","post","type-post","status-publish","format-standard","has-post-thumbnail","hentry","category-huasteca","category-xochiatipan","tag-huasteca","tag-xochiatipan","entry"],"_links":{"self":[{"href":"https:\/\/www.zunoticia.com\/noticias-de-hidalgo\/wp-json\/wp\/v2\/posts\/518410","targetHints":{"allow":["GET"]}}],"collection":[{"href":"https:\/\/www.zunoticia.com\/noticias-de-hidalgo\/wp-json\/wp\/v2\/posts"}],"about":[{"href":"https:\/\/www.zunoticia.com\/noticias-de-hidalgo\/wp-json\/wp\/v2\/types\/post"}],"author":[{"embeddable":true,"href":"https:\/\/www.zunoticia.com\/noticias-de-hidalgo\/wp-json\/wp\/v2\/users\/20"}],"replies":[{"embeddable":true,"href":"https:\/\/www.zunoticia.com\/noticias-de-hidalgo\/wp-json\/wp\/v2\/comments?post=518410"}],"version-history":[{"count":1,"href":"https:\/\/www.zunoticia.com\/noticias-de-hidalgo\/wp-json\/wp\/v2\/posts\/518410\/revisions"}],"predecessor-version":[{"id":518411,"href":"https:\/\/www.zunoticia.com\/noticias-de-hidalgo\/wp-json\/wp\/v2\/posts\/518410\/revisions\/518411"}],"wp:featuredmedia":[{"embeddable":true,"href":"https:\/\/www.zunoticia.com\/noticias-de-hidalgo\/wp-json\/wp\/v2\/media\/518407"}],"wp:attachment":[{"href":"https:\/\/www.zunoticia.com\/noticias-de-hidalgo\/wp-json\/wp\/v2\/media?parent=518410"}],"wp:term":[{"taxonomy":"category","embeddable":true,"href":"https:\/\/www.zunoticia.com\/noticias-de-hidalgo\/wp-json\/wp\/v2\/categories?post=518410"},{"taxonomy":"post_tag","embeddable":true,"href":"https:\/\/www.zunoticia.com\/noticias-de-hidalgo\/wp-json\/wp\/v2\/tags?post=518410"}],"curies":[{"name":"wp","href":"https:\/\/api.w.org\/{rel}","templated":true}]}}