{"id":518430,"date":"2023-12-16T16:56:39","date_gmt":"2023-12-16T22:56:39","guid":{"rendered":"https:\/\/www.zunoticia.com\/noticias-de-hidalgo\/?p=518430"},"modified":"2023-12-16T16:57:10","modified_gmt":"2023-12-16T22:57:10","slug":"gran-exito-en-la-inauguracion-de-cosmo-bazar","status":"publish","type":"post","link":"https:\/\/www.zunoticia.com\/noticias-de-hidalgo\/2023\/12\/16\/gran-exito-en-la-inauguracion-de-cosmo-bazar\/","title":{"rendered":"Gran \u00e9xito en la inauguraci\u00f3n de Cosmo bazar"},"content":{"rendered":"<aside class=\"mashsb-container mashsb-main mashsb-stretched\"><div class=\"mashsb-box\"><div class=\"mashsb-count mash-large\" style=\"float:left\"><div class=\"counts mashsbcount\">49<\/div><span class=\"mashsb-sharetext\">SHARES<\/span><\/div><div class=\"mashsb-buttons\"><a class=\"mashicon-facebook mash-large mash-center mashsb-noshadow\" href=\"https:\/\/www.facebook.com\/sharer.php?u=https%3A%2F%2Fwww.zunoticia.com%2Fnoticias-de-hidalgo%2F2023%2F12%2F16%2Fgran-exito-en-la-inauguracion-de-cosmo-bazar%2F\" target=\"_top\" rel=\"nofollow\"><span class=\"icon\"><\/span><span class=\"text\">Share<\/span><\/a><a class=\"mashicon-twitter mash-large mash-center mashsb-noshadow\" href=\"https:\/\/twitter.com\/intent\/tweet?text=&amp;url=https:\/\/www.zunoticia.com\/noticias-de-hidalgo\/2023\/12\/16\/gran-exito-en-la-inauguracion-de-cosmo-bazar\/\" target=\"_top\" rel=\"nofollow\"><span class=\"icon\"><\/span><span class=\"text\">Tweet<\/span><\/a><div class=\"onoffswitch2 mash-large mashsb-noshadow\" style=\"display:none\"><\/div><\/div>\n            <\/div>\n                <div style=\"clear:both\"><\/div><div class=\"mashsb-toggle-container\"><\/div><\/aside>\n            <!-- Share buttons by mashshare.net - Version: 4.0.47-->\n<p><\/p>\n\n\n\n<p><em>Por Gabriela Hern\u00e1ndez\/Zunoticia<\/em><\/p>\n\n\n\n<p><strong>Huejutla, Hgo<\/strong>.- Este viernes inici\u00f3 el gran bazar navide\u00f1o &#8220;Cosmo bazar, moda circular&#8221; donde participaron distintos expositores.<\/p>\n\n\n\n<p>Fernanda Olivares y Karla Rodr\u00edguez, organizadoras del evento, mencionaron que el objetivo principal es contribuir al medio ambiente, mediante la moda circular, que es darle una segunda vida a la ropa y tambi\u00e9n impulsar a los negocios locales.<\/p>\n\n\n\n<p>El evento inici\u00f3 con un baile por un grupo de j\u00f3venes, posteriormente se dio paso a la venta y compra en los diferentes stands establecidos, tambi\u00e9n hubo juegos de loter\u00eda, stand de fotos y pi\u00f1atas con cupones de los diferentes negocios.<\/p>\n\n\n\n<p>Adem\u00e1s se cont\u00f3 con el espacio de recolecci\u00f3n de juguetes, los cuales se donar\u00e1n al Cuerpo de Bomberos, de igual manera la recolecci\u00f3n de alimentos para los perritos y gatitos en beneficio de &#8220;Rescatados Huejutla&#8221;, donde tambi\u00e9n podr\u00e1n realizar adopciones presentando una copia de identificaci\u00f3n oficial, comprobante de domicilio y la aplicaci\u00f3n de un test.<\/p>\n\n\n\n<p>Finalmente hicieron la invitaci\u00f3n a todo el p\u00fablico en general para que asistan y disfruten de todas las actividades programadas el pr\u00f3ximo 22 y 29 de diciembre.<\/p>\n\n\n\n<figure class=\"wp-block-gallery has-nested-images columns-default is-cropped wp-block-gallery-1 is-layout-flex wp-block-gallery-is-layout-flex\">\n<figure class=\"wp-block-image\"><img fetchpriority=\"high\" decoding=\"async\" width=\"1200\" height=\"1600\" data-id=\"518429\" src=\"https:\/\/www.zunoticia.com\/noticias-de-hidalgo\/wp-content\/uploads\/2023\/12\/eZy_watermark_16-12-2023_04-54-17.jpg\" alt=\"\" class=\"wp-image-518429\"\/><\/figure>\n\n\n\n<figure class=\"wp-block-image\"><img decoding=\"async\" width=\"1280\" height=\"960\" data-id=\"518428\" src=\"https:\/\/www.zunoticia.com\/noticias-de-hidalgo\/wp-content\/uploads\/2023\/12\/eZy_watermark_16-12-2023_04-55-05.jpg\" alt=\"\" class=\"wp-image-518428\"\/><\/figure>\n<\/figure>\n","protected":false},"excerpt":{"rendered":"<p>Por Gabriela Hern\u00e1ndez\/Zunoticia Huejutla, Hgo.- Este viernes inici\u00f3 el gran bazar navide\u00f1o &#8220;Cosmo bazar, moda circular&#8221; donde participaron distintos expositores. Fernanda Olivares y Karla Rodr\u00edguez, organizadoras del evento, mencionaron que el objetivo principal es contribuir al medio ambiente, mediante la moda circular, que es darle una segunda vida a la ropa y tambi\u00e9n impulsar a&hellip; <a class=\"more-link\" href=\"https:\/\/www.zunoticia.com\/noticias-de-hidalgo\/2023\/12\/16\/gran-exito-en-la-inauguracion-de-cosmo-bazar\/\">Seguir leyendo <span class=\"screen-reader-text\">Gran \u00e9xito en la inauguraci\u00f3n de Cosmo bazar<\/span><\/a><\/p>\n","protected":false},"author":20,"featured_media":518427,"comment_status":"open","ping_status":"open","sticky":false,"template":"","format":"standard","meta":{"rop_custom_images_group":[],"rop_custom_messages_group":[],"rop_publish_now":"initial","rop_publish_now_accounts":{"facebook_10159540855086992_322828327761733":""},"rop_publish_now_history":[],"rop_publish_now_status":"pending","footnotes":""},"categories":[181],"tags":[121],"class_list":["post-518430","post","type-post","status-publish","format-standard","has-post-thumbnail","hentry","category-huejutla","tag-huejutla","entry"],"_links":{"self":[{"href":"https:\/\/www.zunoticia.com\/noticias-de-hidalgo\/wp-json\/wp\/v2\/posts\/518430","targetHints":{"allow":["GET"]}}],"collection":[{"href":"https:\/\/www.zunoticia.com\/noticias-de-hidalgo\/wp-json\/wp\/v2\/posts"}],"about":[{"href":"https:\/\/www.zunoticia.com\/noticias-de-hidalgo\/wp-json\/wp\/v2\/types\/post"}],"author":[{"embeddable":true,"href":"https:\/\/www.zunoticia.com\/noticias-de-hidalgo\/wp-json\/wp\/v2\/users\/20"}],"replies":[{"embeddable":true,"href":"https:\/\/www.zunoticia.com\/noticias-de-hidalgo\/wp-json\/wp\/v2\/comments?post=518430"}],"version-history":[{"count":1,"href":"https:\/\/www.zunoticia.com\/noticias-de-hidalgo\/wp-json\/wp\/v2\/posts\/518430\/revisions"}],"predecessor-version":[{"id":518431,"href":"https:\/\/www.zunoticia.com\/noticias-de-hidalgo\/wp-json\/wp\/v2\/posts\/518430\/revisions\/518431"}],"wp:featuredmedia":[{"embeddable":true,"href":"https:\/\/www.zunoticia.com\/noticias-de-hidalgo\/wp-json\/wp\/v2\/media\/518427"}],"wp:attachment":[{"href":"https:\/\/www.zunoticia.com\/noticias-de-hidalgo\/wp-json\/wp\/v2\/media?parent=518430"}],"wp:term":[{"taxonomy":"category","embeddable":true,"href":"https:\/\/www.zunoticia.com\/noticias-de-hidalgo\/wp-json\/wp\/v2\/categories?post=518430"},{"taxonomy":"post_tag","embeddable":true,"href":"https:\/\/www.zunoticia.com\/noticias-de-hidalgo\/wp-json\/wp\/v2\/tags?post=518430"}],"curies":[{"name":"wp","href":"https:\/\/api.w.org\/{rel}","templated":true}]}}