{"id":518452,"date":"2023-12-16T19:48:36","date_gmt":"2023-12-17T01:48:36","guid":{"rendered":"https:\/\/www.zunoticia.com\/noticias-de-hidalgo\/?p=518452"},"modified":"2023-12-16T19:48:37","modified_gmt":"2023-12-17T01:48:37","slug":"huejutlenses-elogian-la-proyeccion-de-las-tradiciones-regionales","status":"publish","type":"post","link":"https:\/\/www.zunoticia.com\/noticias-de-hidalgo\/2023\/12\/16\/huejutlenses-elogian-la-proyeccion-de-las-tradiciones-regionales\/","title":{"rendered":"Huejutlenses elogian la proyecci\u00f3n de las tradiciones regionales"},"content":{"rendered":"<aside class=\"mashsb-container mashsb-main mashsb-stretched\"><div class=\"mashsb-box\"><div class=\"mashsb-count mash-large\" style=\"float:left\"><div class=\"counts mashsbcount\">9<\/div><span class=\"mashsb-sharetext\">SHARES<\/span><\/div><div class=\"mashsb-buttons\"><a class=\"mashicon-facebook mash-large mash-center mashsb-noshadow\" href=\"https:\/\/www.facebook.com\/sharer.php?u=https%3A%2F%2Fwww.zunoticia.com%2Fnoticias-de-hidalgo%2F2023%2F12%2F16%2Fhuejutlenses-elogian-la-proyeccion-de-las-tradiciones-regionales%2F\" target=\"_top\" rel=\"nofollow\"><span class=\"icon\"><\/span><span class=\"text\">Share<\/span><\/a><a class=\"mashicon-twitter mash-large mash-center mashsb-noshadow\" href=\"https:\/\/twitter.com\/intent\/tweet?text=&amp;url=https:\/\/www.zunoticia.com\/noticias-de-hidalgo\/2023\/12\/16\/huejutlenses-elogian-la-proyeccion-de-las-tradiciones-regionales\/\" target=\"_top\" rel=\"nofollow\"><span class=\"icon\"><\/span><span class=\"text\">Tweet<\/span><\/a><div class=\"onoffswitch2 mash-large mashsb-noshadow\" style=\"display:none\"><\/div><\/div>\n            <\/div>\n                <div style=\"clear:both\"><\/div><div class=\"mashsb-toggle-container\"><\/div><\/aside>\n            <!-- Share buttons by mashshare.net - Version: 4.0.47-->\n<p><em>Por Salvador Altamirano\/Zunoticia<\/em><\/p>\n\n\n\n<p><strong>Huejutla, Hgo.-<\/strong> Personas residentes en la poblaci\u00f3n, interesadas en la proyecci\u00f3n de las tradiciones de la regi\u00f3n, elogiaron la disposici\u00f3n de la actual administraci\u00f3n municipal que preside Daniel Andrade Zurutuza, para representar en forma espectacular Xantolo y Navidad.<\/p>\n\n\n\n<p>Enfatizaron, en primer t\u00e9rmino, que el escenario del centro ceremonial de Xantolo fue impactante por sus conceptos, admirado por residentes y visitantes y ahora la Villa Navide\u00f1a que le otorga un toque de devoci\u00f3n a la poblaci\u00f3n, que en su mayor\u00eda profesa el catolicismo.<\/p>\n\n\n\n<p>Quien se identific\u00f3 con el nombre de Ramiro Garc\u00eda Contreras, consider\u00f3 que con estas dos representaciones esc\u00e9nicas Huejutla ha trascendido incluso fronteras, ya que en Xantolo arribaron turistas nacionales y extranjeros, quienes admiraron y elogiaron el centro ceremonial.<\/p>\n\n\n\n<p>Para finalizar, refiri\u00f3 que ojal\u00e1 y los venideros gobiernos municipales den continuidad a la proyecci\u00f3n de las tradiciones de la regi\u00f3n con la misma magnitud, lo cual enaltece nuestra cultura.<\/p>\n\n\n\n<figure class=\"wp-block-image size-full\"><img fetchpriority=\"high\" decoding=\"async\" width=\"940\" height=\"788\" src=\"https:\/\/www.zunoticia.com\/noticias-de-hidalgo\/wp-content\/uploads\/2023\/12\/Zunoticia-1-147.png\" alt=\"\" class=\"wp-image-518454\"\/><\/figure>\n\n\n\n<p>Anterior centro ceremonial de Xantolo adecuado a Villa Navide\u00f1a.<\/p>\n","protected":false},"excerpt":{"rendered":"<p>Por Salvador Altamirano\/Zunoticia Huejutla, Hgo.- Personas residentes en la poblaci\u00f3n, interesadas en la proyecci\u00f3n de las tradiciones de la regi\u00f3n, elogiaron la disposici\u00f3n de la actual administraci\u00f3n municipal que preside Daniel Andrade Zurutuza, para representar en forma espectacular Xantolo y Navidad. Enfatizaron, en primer t\u00e9rmino, que el escenario del centro ceremonial de Xantolo fue impactante&hellip; <a class=\"more-link\" href=\"https:\/\/www.zunoticia.com\/noticias-de-hidalgo\/2023\/12\/16\/huejutlenses-elogian-la-proyeccion-de-las-tradiciones-regionales\/\">Seguir leyendo <span class=\"screen-reader-text\">Huejutlenses elogian la proyecci\u00f3n de las tradiciones regionales<\/span><\/a><\/p>\n","protected":false},"author":20,"featured_media":518453,"comment_status":"open","ping_status":"open","sticky":false,"template":"","format":"standard","meta":{"rop_custom_images_group":[],"rop_custom_messages_group":[],"rop_publish_now":"initial","rop_publish_now_accounts":{"facebook_10159540855086992_322828327761733":""},"rop_publish_now_history":[],"rop_publish_now_status":"pending","footnotes":""},"categories":[181],"tags":[121],"class_list":["post-518452","post","type-post","status-publish","format-standard","has-post-thumbnail","hentry","category-huejutla","tag-huejutla","entry"],"_links":{"self":[{"href":"https:\/\/www.zunoticia.com\/noticias-de-hidalgo\/wp-json\/wp\/v2\/posts\/518452","targetHints":{"allow":["GET"]}}],"collection":[{"href":"https:\/\/www.zunoticia.com\/noticias-de-hidalgo\/wp-json\/wp\/v2\/posts"}],"about":[{"href":"https:\/\/www.zunoticia.com\/noticias-de-hidalgo\/wp-json\/wp\/v2\/types\/post"}],"author":[{"embeddable":true,"href":"https:\/\/www.zunoticia.com\/noticias-de-hidalgo\/wp-json\/wp\/v2\/users\/20"}],"replies":[{"embeddable":true,"href":"https:\/\/www.zunoticia.com\/noticias-de-hidalgo\/wp-json\/wp\/v2\/comments?post=518452"}],"version-history":[{"count":1,"href":"https:\/\/www.zunoticia.com\/noticias-de-hidalgo\/wp-json\/wp\/v2\/posts\/518452\/revisions"}],"predecessor-version":[{"id":518455,"href":"https:\/\/www.zunoticia.com\/noticias-de-hidalgo\/wp-json\/wp\/v2\/posts\/518452\/revisions\/518455"}],"wp:featuredmedia":[{"embeddable":true,"href":"https:\/\/www.zunoticia.com\/noticias-de-hidalgo\/wp-json\/wp\/v2\/media\/518453"}],"wp:attachment":[{"href":"https:\/\/www.zunoticia.com\/noticias-de-hidalgo\/wp-json\/wp\/v2\/media?parent=518452"}],"wp:term":[{"taxonomy":"category","embeddable":true,"href":"https:\/\/www.zunoticia.com\/noticias-de-hidalgo\/wp-json\/wp\/v2\/categories?post=518452"},{"taxonomy":"post_tag","embeddable":true,"href":"https:\/\/www.zunoticia.com\/noticias-de-hidalgo\/wp-json\/wp\/v2\/tags?post=518452"}],"curies":[{"name":"wp","href":"https:\/\/api.w.org\/{rel}","templated":true}]}}