{"id":518563,"date":"2023-12-17T19:23:24","date_gmt":"2023-12-18T01:23:24","guid":{"rendered":"https:\/\/www.zunoticia.com\/noticias-de-hidalgo\/?p=518563"},"modified":"2023-12-17T19:23:25","modified_gmt":"2023-12-18T01:23:25","slug":"mujeres-deben-de-contar-con-autonomia-economica-bertha","status":"publish","type":"post","link":"https:\/\/www.zunoticia.com\/noticias-de-hidalgo\/2023\/12\/17\/mujeres-deben-de-contar-con-autonomia-economica-bertha\/","title":{"rendered":"Mujeres deben de contar con autonom\u00eda econ\u00f3mica: Bertha"},"content":{"rendered":"<aside class=\"mashsb-container mashsb-main mashsb-stretched\"><div class=\"mashsb-box\"><div class=\"mashsb-count mash-large\" style=\"float:left\"><div class=\"counts mashsbcount\">0<\/div><span class=\"mashsb-sharetext\">SHARES<\/span><\/div><div class=\"mashsb-buttons\"><a class=\"mashicon-facebook mash-large mash-center mashsb-noshadow\" href=\"https:\/\/www.facebook.com\/sharer.php?u=https%3A%2F%2Fwww.zunoticia.com%2Fnoticias-de-hidalgo%2F2023%2F12%2F17%2Fmujeres-deben-de-contar-con-autonomia-economica-bertha%2F\" target=\"_top\" rel=\"nofollow\"><span class=\"icon\"><\/span><span class=\"text\">Share<\/span><\/a><a class=\"mashicon-twitter mash-large mash-center mashsb-noshadow\" href=\"https:\/\/twitter.com\/intent\/tweet?text=&amp;url=https:\/\/www.zunoticia.com\/noticias-de-hidalgo\/2023\/12\/17\/mujeres-deben-de-contar-con-autonomia-economica-bertha\/\" target=\"_top\" rel=\"nofollow\"><span class=\"icon\"><\/span><span class=\"text\">Tweet<\/span><\/a><div class=\"onoffswitch2 mash-large mashsb-noshadow\" style=\"display:none\"><\/div><\/div>\n            <\/div>\n                <div style=\"clear:both\"><\/div><div class=\"mashsb-toggle-container\"><\/div><\/aside>\n            <!-- Share buttons by mashshare.net - Version: 4.0.47-->\n<p><em>Por Mois\u00e9s Medrano\/Zunoticia<\/em><\/p>\n\n\n\n<p><strong>San Felipe Orizatl\u00e1n, Hgo.- <\/strong>Bertha Miranda Rodr\u00edguez, Directora General del Instituto Hidalguense de la Mujer, revel\u00f3 que, cuando el gobernador la invit\u00f3 a estar al frente de la dependencia que ocupa, dijo que acept\u00f3 porque sab\u00eda que ten\u00eda un compa\u00f1ero que iba a respaldar a las mujeres, no solo con el discurso, sino con el recurso, y dicen el amor se ve con el recurso; justific\u00f3 que la mujer debe contar con autonom\u00eda econ\u00f3mica para salir del espacio de violencia.<\/p>\n\n\n\n<p>Explic\u00f3 que, aun cuando ya estaban etiquetados los recursos, el gobernador busc\u00f3 un recurso extraordinario, y por primera vez se aument\u00f3 un cuarenta por ciento ese recurso, utilizado para llegar a las mujeres que m\u00e1s lo necesitan, que se encuentran en situaciones complejas.<\/p>\n\n\n\n<p>Dijo que, adem\u00e1s de poner l\u00edmites a la violencia y contar con instituciones guiadas y sensibilizadas, tambi\u00e9n las mujeres necesitan tener recursos, muchas de ellas abandonan los proceso o atenci\u00f3n, no porque les guste vivir la violencia, sino porque no tienen para trasladarse con el pasaje de su comunidad a donde las atienden.<\/p>\n\n\n\n<p>Revel\u00f3 que, cuando se hizo el an\u00e1lisis de atenci\u00f3n, encontraron que Huejutla no ten\u00eda m\u00f3dulo de atenci\u00f3n, todos los municipios no ten\u00edan quien representara a las mujeres en atenci\u00f3n jur\u00eddica, psicol\u00f3gicas y trabajo social, por lo se trajeron un m\u00f3dulo, que lleva 465 mujeres atendidas de primera vez, de mayo a diciembre, con permanencia de 451 mujeres en seguimiento, esas mujeres son de todos los municipios y como la atenci\u00f3n a la violencia no solo le toca al estado, se hizo el acercamiento a los municipios, firmando un convenio de colaboraci\u00f3n para que lo alcaldes trasladaran a las afectadas al distrito judicial y les dieran la atenci\u00f3n.<\/p>\n\n\n\n<p>De esa manera, con papeler\u00eda, traslados, art\u00edculos de limpieza y m\u00e1s, distribuyen los municipios y en Huejutla el alcalde y la presidente del DIF acondicionaron un espacio para atenci\u00f3n digna a las mujeres, porque la atenci\u00f3n a la violencia tiene que ser con calidad, dignidad y calidez.<\/p>\n\n\n\n<p>Le inform\u00f3 al gobernador la instalaci\u00f3n de cursos para el autoempleo, para que ellas se capaciten y que sean generadoras de recursos econ\u00f3micos, para que puedan salir de espacios de violencia contando con autonom\u00eda econ\u00f3mica, que generaron 30 cursos para la autonom\u00eda de las mujeres.<\/p>\n\n\n\n<p>Dijo que se habr\u00edan dise\u00f1ado tres proyectos, el primero con mujeres en situaci\u00f3n de riesgo por violencia, beneficiando a 2,720 mujeres que reciben apoyos econ\u00f3micos de tres mil pesos por dos meses, el segundo se trata de que cuenten con un Plan de Restituci\u00f3n de Derechos, ese plan se acompa\u00f1a con el DIF y el Instituto de las Mujeres para que sigan con su proyecto de vida, contando con 480 beneficiarias para Hidalgo.<\/p>\n\n\n\n<p>Otro apoyo para el Bienestar f\u00edsico de las mujeres, mujeres con enfermedad cr\u00f3nica degenerativa, con prioridad para enfermas de c\u00e1ncer de mama, c\u00e1ncer c\u00e9rvicouterino o que sus hijos est\u00e9n hospitalizados y se acerca el IHM en acciones de prevenci\u00f3n coordinadas con todas las secretarias del gobierno se puedan impulsar acciones con la prevenci\u00f3n en sus \u00e1reas y que el IHM no solo lo atiende la dependencia, sino todo el gobierno del estado que encabeza el gobernador Julio Menchaca Salazar.<\/p>\n","protected":false},"excerpt":{"rendered":"<p>Por Mois\u00e9s Medrano\/Zunoticia San Felipe Orizatl\u00e1n, Hgo.- Bertha Miranda Rodr\u00edguez, Directora General del Instituto Hidalguense de la Mujer, revel\u00f3 que, cuando el gobernador la invit\u00f3 a estar al frente de la dependencia que ocupa, dijo que acept\u00f3 porque sab\u00eda que ten\u00eda un compa\u00f1ero que iba a respaldar a las mujeres, no solo con el discurso,&hellip; <a class=\"more-link\" href=\"https:\/\/www.zunoticia.com\/noticias-de-hidalgo\/2023\/12\/17\/mujeres-deben-de-contar-con-autonomia-economica-bertha\/\">Seguir leyendo <span class=\"screen-reader-text\">Mujeres deben de contar con autonom\u00eda econ\u00f3mica: Bertha<\/span><\/a><\/p>\n","protected":false},"author":12,"featured_media":518517,"comment_status":"open","ping_status":"open","sticky":false,"template":"","format":"standard","meta":{"rop_custom_images_group":[],"rop_custom_messages_group":[],"rop_publish_now":"initial","rop_publish_now_accounts":{"facebook_10159540855086992_322828327761733":""},"rop_publish_now_history":[],"rop_publish_now_status":"pending","footnotes":""},"categories":[180],"tags":[129],"class_list":["post-518563","post","type-post","status-publish","format-standard","has-post-thumbnail","hentry","category-orizatlan","tag-orizatlan","entry"],"_links":{"self":[{"href":"https:\/\/www.zunoticia.com\/noticias-de-hidalgo\/wp-json\/wp\/v2\/posts\/518563","targetHints":{"allow":["GET"]}}],"collection":[{"href":"https:\/\/www.zunoticia.com\/noticias-de-hidalgo\/wp-json\/wp\/v2\/posts"}],"about":[{"href":"https:\/\/www.zunoticia.com\/noticias-de-hidalgo\/wp-json\/wp\/v2\/types\/post"}],"author":[{"embeddable":true,"href":"https:\/\/www.zunoticia.com\/noticias-de-hidalgo\/wp-json\/wp\/v2\/users\/12"}],"replies":[{"embeddable":true,"href":"https:\/\/www.zunoticia.com\/noticias-de-hidalgo\/wp-json\/wp\/v2\/comments?post=518563"}],"version-history":[{"count":1,"href":"https:\/\/www.zunoticia.com\/noticias-de-hidalgo\/wp-json\/wp\/v2\/posts\/518563\/revisions"}],"predecessor-version":[{"id":518564,"href":"https:\/\/www.zunoticia.com\/noticias-de-hidalgo\/wp-json\/wp\/v2\/posts\/518563\/revisions\/518564"}],"wp:featuredmedia":[{"embeddable":true,"href":"https:\/\/www.zunoticia.com\/noticias-de-hidalgo\/wp-json\/wp\/v2\/media\/518517"}],"wp:attachment":[{"href":"https:\/\/www.zunoticia.com\/noticias-de-hidalgo\/wp-json\/wp\/v2\/media?parent=518563"}],"wp:term":[{"taxonomy":"category","embeddable":true,"href":"https:\/\/www.zunoticia.com\/noticias-de-hidalgo\/wp-json\/wp\/v2\/categories?post=518563"},{"taxonomy":"post_tag","embeddable":true,"href":"https:\/\/www.zunoticia.com\/noticias-de-hidalgo\/wp-json\/wp\/v2\/tags?post=518563"}],"curies":[{"name":"wp","href":"https:\/\/api.w.org\/{rel}","templated":true}]}}