{"id":518637,"date":"2023-12-18T12:25:13","date_gmt":"2023-12-18T18:25:13","guid":{"rendered":"https:\/\/www.zunoticia.com\/noticias-de-hidalgo\/?p=518637"},"modified":"2023-12-18T12:25:14","modified_gmt":"2023-12-18T18:25:14","slug":"adultos-realizan-confirmacion-pide-obispo-participar-en-domingos-de-adviento","status":"publish","type":"post","link":"https:\/\/www.zunoticia.com\/noticias-de-hidalgo\/2023\/12\/18\/adultos-realizan-confirmacion-pide-obispo-participar-en-domingos-de-adviento\/","title":{"rendered":"Adultos realizan Confirmaci\u00f3n, pide Obispo participar en Domingos de Adviento"},"content":{"rendered":"<aside class=\"mashsb-container mashsb-main mashsb-stretched\"><div class=\"mashsb-box\"><div class=\"mashsb-count mash-large\" style=\"float:left\"><div class=\"counts mashsbcount\">2<\/div><span class=\"mashsb-sharetext\">SHARES<\/span><\/div><div class=\"mashsb-buttons\"><a class=\"mashicon-facebook mash-large mash-center mashsb-noshadow\" href=\"https:\/\/www.facebook.com\/sharer.php?u=https%3A%2F%2Fwww.zunoticia.com%2Fnoticias-de-hidalgo%2F2023%2F12%2F18%2Fadultos-realizan-confirmacion-pide-obispo-participar-en-domingos-de-adviento%2F\" target=\"_top\" rel=\"nofollow\"><span class=\"icon\"><\/span><span class=\"text\">Share<\/span><\/a><a class=\"mashicon-twitter mash-large mash-center mashsb-noshadow\" href=\"https:\/\/twitter.com\/intent\/tweet?text=&amp;url=https:\/\/www.zunoticia.com\/noticias-de-hidalgo\/2023\/12\/18\/adultos-realizan-confirmacion-pide-obispo-participar-en-domingos-de-adviento\/\" target=\"_top\" rel=\"nofollow\"><span class=\"icon\"><\/span><span class=\"text\">Tweet<\/span><\/a><div class=\"onoffswitch2 mash-large mashsb-noshadow\" style=\"display:none\"><\/div><\/div>\n            <\/div>\n                <div style=\"clear:both\"><\/div><div class=\"mashsb-toggle-container\"><\/div><\/aside>\n            <!-- Share buttons by mashshare.net - Version: 4.0.47-->\n<p><em>Por Enedino Hern\u00e1ndez\/Zunoticia<\/em><\/p>\n\n\n\n<p><strong>Huejutla, Hgo.-<\/strong> Un promedio de 40 adultos realizaron su respectiva Confirmaci\u00f3n mediante una celebraci\u00f3n eucar\u00edstica llevada a cabo durante el fin de semana en la Parroquia del Sagrario Catedral en Huejutla, confirm\u00f3 el Obispo de la Di\u00f3cesis de Huejutla, Jos\u00e9 Hir\u00e1is Acosta Beltr\u00e1n.<\/p>\n\n\n\n<p>Dijo que los adultos celebraron su Confirmaci\u00f3n previa preparaci\u00f3n para poder recibir el Sacramento correspondiente, con toda esta acci\u00f3n manifestaron estar dispuestos a vivir su fe como Confirmados.<\/p>\n\n\n\n<p>Asimismo, dijo que estas personas adultas se mantienen con el firme compromiso de seguir siendo testigos de Cristo con su palabra y con un buen ejemplo de vida, por lo que es importante reconocer esta acci\u00f3n realizada al recibir el Sacramento de la Confirmaci\u00f3n.<\/p>\n\n\n\n<p>Seguidamente, detalla que adem\u00e1s se contin\u00faa con las celebraciones de los Domingos de Adviento y al momento ya se ha celebrado el tercer domingo de adviento previo a la celebraci\u00f3n de la Navidad.<\/p>\n\n\n\n<p>Subraya que este periodo que es de reflexi\u00f3n y de preparaci\u00f3n para la Navidad se realiza con la celebraci\u00f3n previa de 4 domingos de Adviento, con lo cual expone que la palabra del Se\u00f1or nos exhorta al arrepentimiento y a vivir como hijos de Dios.<\/p>\n\n\n\n<p>Insiste que el Domingo de Adviento en lat\u00edn significa adventus Redemptoris o bien \u201cVenida del Redentor\u201d y se trata del primer periodo del a\u00f1o lit\u00fargico cristiano que consiste en un tiempo de preparaci\u00f3n para el nacimiento de Cristo, en donde se celebra durante los cuatro domingos anteriores a la Navidad.<\/p>\n\n\n\n<p>Concluy\u00f3 que con esto nos preparamos para recibir la Navidad, pero tambi\u00e9n nos preparamos con acciones de ayudar a la gente \u201cal Se\u00f1or lo recibimos cada vez que hacemos una obra de caridad, cada vez que vamos al encuentro de los dem\u00e1s, cada vez que ayudamos, cada vez que perdonamos y cada vez que hacemos una obra de misericordia\u201d.<\/p>\n","protected":false},"excerpt":{"rendered":"<p>Por Enedino Hern\u00e1ndez\/Zunoticia Huejutla, Hgo.- Un promedio de 40 adultos realizaron su respectiva Confirmaci\u00f3n mediante una celebraci\u00f3n eucar\u00edstica llevada a cabo durante el fin de semana en la Parroquia del Sagrario Catedral en Huejutla, confirm\u00f3 el Obispo de la Di\u00f3cesis de Huejutla, Jos\u00e9 Hir\u00e1is Acosta Beltr\u00e1n. Dijo que los adultos celebraron su Confirmaci\u00f3n previa preparaci\u00f3n&hellip; <a class=\"more-link\" href=\"https:\/\/www.zunoticia.com\/noticias-de-hidalgo\/2023\/12\/18\/adultos-realizan-confirmacion-pide-obispo-participar-en-domingos-de-adviento\/\">Seguir leyendo <span class=\"screen-reader-text\">Adultos realizan Confirmaci\u00f3n, pide Obispo participar en Domingos de Adviento<\/span><\/a><\/p>\n","protected":false},"author":13,"featured_media":518638,"comment_status":"open","ping_status":"open","sticky":false,"template":"","format":"standard","meta":{"rop_custom_images_group":[],"rop_custom_messages_group":[],"rop_publish_now":"initial","rop_publish_now_accounts":{"facebook_10159540855086992_322828327761733":""},"rop_publish_now_history":[],"rop_publish_now_status":"pending","footnotes":""},"categories":[181],"tags":[121],"class_list":["post-518637","post","type-post","status-publish","format-standard","has-post-thumbnail","hentry","category-huejutla","tag-huejutla","entry"],"_links":{"self":[{"href":"https:\/\/www.zunoticia.com\/noticias-de-hidalgo\/wp-json\/wp\/v2\/posts\/518637","targetHints":{"allow":["GET"]}}],"collection":[{"href":"https:\/\/www.zunoticia.com\/noticias-de-hidalgo\/wp-json\/wp\/v2\/posts"}],"about":[{"href":"https:\/\/www.zunoticia.com\/noticias-de-hidalgo\/wp-json\/wp\/v2\/types\/post"}],"author":[{"embeddable":true,"href":"https:\/\/www.zunoticia.com\/noticias-de-hidalgo\/wp-json\/wp\/v2\/users\/13"}],"replies":[{"embeddable":true,"href":"https:\/\/www.zunoticia.com\/noticias-de-hidalgo\/wp-json\/wp\/v2\/comments?post=518637"}],"version-history":[{"count":1,"href":"https:\/\/www.zunoticia.com\/noticias-de-hidalgo\/wp-json\/wp\/v2\/posts\/518637\/revisions"}],"predecessor-version":[{"id":518639,"href":"https:\/\/www.zunoticia.com\/noticias-de-hidalgo\/wp-json\/wp\/v2\/posts\/518637\/revisions\/518639"}],"wp:featuredmedia":[{"embeddable":true,"href":"https:\/\/www.zunoticia.com\/noticias-de-hidalgo\/wp-json\/wp\/v2\/media\/518638"}],"wp:attachment":[{"href":"https:\/\/www.zunoticia.com\/noticias-de-hidalgo\/wp-json\/wp\/v2\/media?parent=518637"}],"wp:term":[{"taxonomy":"category","embeddable":true,"href":"https:\/\/www.zunoticia.com\/noticias-de-hidalgo\/wp-json\/wp\/v2\/categories?post=518637"},{"taxonomy":"post_tag","embeddable":true,"href":"https:\/\/www.zunoticia.com\/noticias-de-hidalgo\/wp-json\/wp\/v2\/tags?post=518637"}],"curies":[{"name":"wp","href":"https:\/\/api.w.org\/{rel}","templated":true}]}}