{"id":518661,"date":"2023-12-18T14:27:20","date_gmt":"2023-12-18T20:27:20","guid":{"rendered":"https:\/\/www.zunoticia.com\/noticias-de-hidalgo\/?p=518661"},"modified":"2023-12-18T14:27:22","modified_gmt":"2023-12-18T20:27:22","slug":"continuan-los-avances-en-la-feria-de-nochebuena-edicion-2023","status":"publish","type":"post","link":"https:\/\/www.zunoticia.com\/noticias-de-hidalgo\/2023\/12\/18\/continuan-los-avances-en-la-feria-de-nochebuena-edicion-2023\/","title":{"rendered":"Contin\u00faan los avances en la Feria de Nochebuena edici\u00f3n 2023"},"content":{"rendered":"<aside class=\"mashsb-container mashsb-main mashsb-stretched\"><div class=\"mashsb-box\"><div class=\"mashsb-count mash-large\" style=\"float:left\"><div class=\"counts mashsbcount\">29<\/div><span class=\"mashsb-sharetext\">SHARES<\/span><\/div><div class=\"mashsb-buttons\"><a class=\"mashicon-facebook mash-large mash-center mashsb-noshadow\" href=\"https:\/\/www.facebook.com\/sharer.php?u=https%3A%2F%2Fwww.zunoticia.com%2Fnoticias-de-hidalgo%2F2023%2F12%2F18%2Fcontinuan-los-avances-en-la-feria-de-nochebuena-edicion-2023%2F\" target=\"_top\" rel=\"nofollow\"><span class=\"icon\"><\/span><span class=\"text\">Share<\/span><\/a><a class=\"mashicon-twitter mash-large mash-center mashsb-noshadow\" href=\"https:\/\/twitter.com\/intent\/tweet?text=&amp;url=https:\/\/www.zunoticia.com\/noticias-de-hidalgo\/2023\/12\/18\/continuan-los-avances-en-la-feria-de-nochebuena-edicion-2023\/\" target=\"_top\" rel=\"nofollow\"><span class=\"icon\"><\/span><span class=\"text\">Tweet<\/span><\/a><div class=\"onoffswitch2 mash-large mashsb-noshadow\" style=\"display:none\"><\/div><\/div>\n            <\/div>\n                <div style=\"clear:both\"><\/div><div class=\"mashsb-toggle-container\"><\/div><\/aside>\n            <!-- Share buttons by mashshare.net - Version: 4.0.47-->\n<p><em>Por Gabriela Hern\u00e1ndez\/Zunoticia<\/em><\/p>\n\n\n\n<p><strong>Huejutla, Hgo.-<\/strong> Grandes avances para la Feria de Nochebuena que se inaugurar\u00e1 el pr\u00f3ximo mi\u00e9rcoles 20 de diciembre del presente a\u00f1o.<\/p>\n\n\n\n<p>David Ch\u00e1vez Hern\u00e1ndez, Jefe del \u00e1rea de Proyectos Productivos y encargado de la exposici\u00f3n ganadera, menciona que a tres d\u00edas de la inauguraci\u00f3n el ganado ya se encuentra en las instalaciones listo para su exposici\u00f3n.<\/p>\n\n\n\n<p>Agreg\u00f3 que se estar\u00e1n llevando varias actividades, d\u00f3nde habr\u00e1 una exhibici\u00f3n de gallitos curros, tambi\u00e9n la participaci\u00f3n de diferentes escuelas donde expondr\u00e1n lo que producen en sus instituciones.<\/p>\n\n\n\n<p>De igual manera comenta que tuvieron retrasos por cuestiones meteorol\u00f3gicas, sin embargo ya se tienen avances del 90%.<\/p>\n\n\n\n<p>Finalmente, hizo la invitaci\u00f3n a todos los huejutlenses y municipios vecinos para que asistan y disfruten de los diferentes eventos que se tienen programados.<\/p>\n","protected":false},"excerpt":{"rendered":"<p>Por Gabriela Hern\u00e1ndez\/Zunoticia Huejutla, Hgo.- Grandes avances para la Feria de Nochebuena que se inaugurar\u00e1 el pr\u00f3ximo mi\u00e9rcoles 20 de diciembre del presente a\u00f1o. David Ch\u00e1vez Hern\u00e1ndez, Jefe del \u00e1rea de Proyectos Productivos y encargado de la exposici\u00f3n ganadera, menciona que a tres d\u00edas de la inauguraci\u00f3n el ganado ya se encuentra en las instalaciones&hellip; <a class=\"more-link\" href=\"https:\/\/www.zunoticia.com\/noticias-de-hidalgo\/2023\/12\/18\/continuan-los-avances-en-la-feria-de-nochebuena-edicion-2023\/\">Seguir leyendo <span class=\"screen-reader-text\">Contin\u00faan los avances en la Feria de Nochebuena edici\u00f3n 2023<\/span><\/a><\/p>\n","protected":false},"author":13,"featured_media":518659,"comment_status":"open","ping_status":"open","sticky":false,"template":"","format":"standard","meta":{"rop_custom_images_group":[],"rop_custom_messages_group":[],"rop_publish_now":"initial","rop_publish_now_accounts":{"facebook_10159540855086992_322828327761733":""},"rop_publish_now_history":[],"rop_publish_now_status":"pending","footnotes":""},"categories":[181],"tags":[121],"class_list":["post-518661","post","type-post","status-publish","format-standard","has-post-thumbnail","hentry","category-huejutla","tag-huejutla","entry"],"_links":{"self":[{"href":"https:\/\/www.zunoticia.com\/noticias-de-hidalgo\/wp-json\/wp\/v2\/posts\/518661","targetHints":{"allow":["GET"]}}],"collection":[{"href":"https:\/\/www.zunoticia.com\/noticias-de-hidalgo\/wp-json\/wp\/v2\/posts"}],"about":[{"href":"https:\/\/www.zunoticia.com\/noticias-de-hidalgo\/wp-json\/wp\/v2\/types\/post"}],"author":[{"embeddable":true,"href":"https:\/\/www.zunoticia.com\/noticias-de-hidalgo\/wp-json\/wp\/v2\/users\/13"}],"replies":[{"embeddable":true,"href":"https:\/\/www.zunoticia.com\/noticias-de-hidalgo\/wp-json\/wp\/v2\/comments?post=518661"}],"version-history":[{"count":1,"href":"https:\/\/www.zunoticia.com\/noticias-de-hidalgo\/wp-json\/wp\/v2\/posts\/518661\/revisions"}],"predecessor-version":[{"id":518662,"href":"https:\/\/www.zunoticia.com\/noticias-de-hidalgo\/wp-json\/wp\/v2\/posts\/518661\/revisions\/518662"}],"wp:featuredmedia":[{"embeddable":true,"href":"https:\/\/www.zunoticia.com\/noticias-de-hidalgo\/wp-json\/wp\/v2\/media\/518659"}],"wp:attachment":[{"href":"https:\/\/www.zunoticia.com\/noticias-de-hidalgo\/wp-json\/wp\/v2\/media?parent=518661"}],"wp:term":[{"taxonomy":"category","embeddable":true,"href":"https:\/\/www.zunoticia.com\/noticias-de-hidalgo\/wp-json\/wp\/v2\/categories?post=518661"},{"taxonomy":"post_tag","embeddable":true,"href":"https:\/\/www.zunoticia.com\/noticias-de-hidalgo\/wp-json\/wp\/v2\/tags?post=518661"}],"curies":[{"name":"wp","href":"https:\/\/api.w.org\/{rel}","templated":true}]}}