{"id":518669,"date":"2023-12-18T15:15:52","date_gmt":"2023-12-18T21:15:52","guid":{"rendered":"https:\/\/www.zunoticia.com\/noticias-de-hidalgo\/?p=518669"},"modified":"2023-12-18T15:15:53","modified_gmt":"2023-12-18T21:15:53","slug":"fundacion-ferles-realizo-su-tradicional-posada-navidena-2","status":"publish","type":"post","link":"https:\/\/www.zunoticia.com\/noticias-de-hidalgo\/2023\/12\/18\/fundacion-ferles-realizo-su-tradicional-posada-navidena-2\/","title":{"rendered":"Fundaci\u00f3n Ferles realiz\u00f3 su Tradicional posada Navide\u00f1a"},"content":{"rendered":"<aside class=\"mashsb-container mashsb-main mashsb-stretched\"><div class=\"mashsb-box\"><div class=\"mashsb-count mash-large\" style=\"float:left\"><div class=\"counts mashsbcount\">10<\/div><span class=\"mashsb-sharetext\">SHARES<\/span><\/div><div class=\"mashsb-buttons\"><a class=\"mashicon-facebook mash-large mash-center mashsb-noshadow\" href=\"https:\/\/www.facebook.com\/sharer.php?u=https%3A%2F%2Fwww.zunoticia.com%2Fnoticias-de-hidalgo%2F2023%2F12%2F18%2Ffundacion-ferles-realizo-su-tradicional-posada-navidena-2%2F\" target=\"_top\" rel=\"nofollow\"><span class=\"icon\"><\/span><span class=\"text\">Share<\/span><\/a><a class=\"mashicon-twitter mash-large mash-center mashsb-noshadow\" href=\"https:\/\/twitter.com\/intent\/tweet?text=&amp;url=https:\/\/www.zunoticia.com\/noticias-de-hidalgo\/2023\/12\/18\/fundacion-ferles-realizo-su-tradicional-posada-navidena-2\/\" target=\"_top\" rel=\"nofollow\"><span class=\"icon\"><\/span><span class=\"text\">Tweet<\/span><\/a><div class=\"onoffswitch2 mash-large mashsb-noshadow\" style=\"display:none\"><\/div><\/div>\n            <\/div>\n                <div style=\"clear:both\"><\/div><div class=\"mashsb-toggle-container\"><\/div><\/aside>\n            <!-- Share buttons by mashshare.net - Version: 4.0.47-->\n<p><strong>San Felipe Orizatl\u00e1n, Hgo.-<\/strong> En un ambiente de unidad y armon\u00eda familiar, la tarde-noche del pasado domingo, fue llevada a cabo la tradicional posada de la Fundaci\u00f3n Ferles, donde cientos de ni\u00f1os orizatlenses convivieron en grande y disfrutaron de todo lo que les fue preparado exclusivamente para ellos.<\/p>\n\n\n\n<p>Fue en punto de las 19:00 horas, cuando se dio inicio con un ameno show infantil a cargo de la compa\u00f1\u00eda Fabrica de Sonrisas, quienes presentaron un musical navide\u00f1o, as\u00ed como diversas actividades donde los ni\u00f1os participaron para ganar bonitos premios, adem\u00e1s de un grato espect\u00e1culo de Beli y Beto, que deleit\u00f3 a chicos y grandes en esta gran posada.<\/p>\n\n\n\n<figure class=\"wp-block-image size-full\"><img fetchpriority=\"high\" decoding=\"async\" width=\"1200\" height=\"630\" src=\"https:\/\/www.zunoticia.com\/noticias-de-hidalgo\/wp-content\/uploads\/2023\/12\/posada1.jpg\" alt=\"\" class=\"wp-image-518671\"\/><\/figure>\n\n\n\n<p>En su mensaje, el socio fundador de Ferles, V\u00edctor Fernel Guzm\u00e1n Arvizu, agradeci\u00f3 la presencia de todos los ni\u00f1os y padres de familia que acudieron a este magno festejo, con la intenci\u00f3n de no perder las tradiciones y rememorar estas fechas de armon\u00eda y convivencia familiar; aprovech\u00f3 para desearle a los presentes unas felices fiestas y que la magia de la Navidad llegue a todos sus hogares con abundante salud y prosperidad.<\/p>\n\n\n\n<p>Posteriormente, los ni\u00f1os recibieron un peque\u00f1o refrigerio qu\u00e9 fue elaborado especialmente para ellos, para despu\u00e9s convivir con los integrantes de la fundaci\u00f3n y recibir sus regalos de manos de \u201cSanta&#8221;.<\/p>\n","protected":false},"excerpt":{"rendered":"<p>San Felipe Orizatl\u00e1n, Hgo.- En un ambiente de unidad y armon\u00eda familiar, la tarde-noche del pasado domingo, fue llevada a cabo la tradicional posada de la Fundaci\u00f3n Ferles, donde cientos de ni\u00f1os orizatlenses convivieron en grande y disfrutaron de todo lo que les fue preparado exclusivamente para ellos. Fue en punto de las 19:00 horas,&hellip; <a class=\"more-link\" href=\"https:\/\/www.zunoticia.com\/noticias-de-hidalgo\/2023\/12\/18\/fundacion-ferles-realizo-su-tradicional-posada-navidena-2\/\">Seguir leyendo <span class=\"screen-reader-text\">Fundaci\u00f3n Ferles realiz\u00f3 su Tradicional posada Navide\u00f1a<\/span><\/a><\/p>\n","protected":false},"author":13,"featured_media":518670,"comment_status":"open","ping_status":"open","sticky":false,"template":"","format":"standard","meta":{"rop_custom_images_group":[],"rop_custom_messages_group":[],"rop_publish_now":"initial","rop_publish_now_accounts":{"facebook_10159540855086992_322828327761733":""},"rop_publish_now_history":[],"rop_publish_now_status":"pending","footnotes":""},"categories":[180],"tags":[129],"class_list":["post-518669","post","type-post","status-publish","format-standard","has-post-thumbnail","hentry","category-orizatlan","tag-orizatlan","entry"],"_links":{"self":[{"href":"https:\/\/www.zunoticia.com\/noticias-de-hidalgo\/wp-json\/wp\/v2\/posts\/518669","targetHints":{"allow":["GET"]}}],"collection":[{"href":"https:\/\/www.zunoticia.com\/noticias-de-hidalgo\/wp-json\/wp\/v2\/posts"}],"about":[{"href":"https:\/\/www.zunoticia.com\/noticias-de-hidalgo\/wp-json\/wp\/v2\/types\/post"}],"author":[{"embeddable":true,"href":"https:\/\/www.zunoticia.com\/noticias-de-hidalgo\/wp-json\/wp\/v2\/users\/13"}],"replies":[{"embeddable":true,"href":"https:\/\/www.zunoticia.com\/noticias-de-hidalgo\/wp-json\/wp\/v2\/comments?post=518669"}],"version-history":[{"count":1,"href":"https:\/\/www.zunoticia.com\/noticias-de-hidalgo\/wp-json\/wp\/v2\/posts\/518669\/revisions"}],"predecessor-version":[{"id":518672,"href":"https:\/\/www.zunoticia.com\/noticias-de-hidalgo\/wp-json\/wp\/v2\/posts\/518669\/revisions\/518672"}],"wp:featuredmedia":[{"embeddable":true,"href":"https:\/\/www.zunoticia.com\/noticias-de-hidalgo\/wp-json\/wp\/v2\/media\/518670"}],"wp:attachment":[{"href":"https:\/\/www.zunoticia.com\/noticias-de-hidalgo\/wp-json\/wp\/v2\/media?parent=518669"}],"wp:term":[{"taxonomy":"category","embeddable":true,"href":"https:\/\/www.zunoticia.com\/noticias-de-hidalgo\/wp-json\/wp\/v2\/categories?post=518669"},{"taxonomy":"post_tag","embeddable":true,"href":"https:\/\/www.zunoticia.com\/noticias-de-hidalgo\/wp-json\/wp\/v2\/tags?post=518669"}],"curies":[{"name":"wp","href":"https:\/\/api.w.org\/{rel}","templated":true}]}}