{"id":518684,"date":"2023-12-18T17:21:06","date_gmt":"2023-12-18T23:21:06","guid":{"rendered":"https:\/\/www.zunoticia.com\/noticias-de-hidalgo\/?p=518684"},"modified":"2023-12-18T17:21:08","modified_gmt":"2023-12-18T23:21:08","slug":"orizatlense-participa-como-traductor-en-teleton-2023","status":"publish","type":"post","link":"https:\/\/www.zunoticia.com\/noticias-de-hidalgo\/2023\/12\/18\/orizatlense-participa-como-traductor-en-teleton-2023\/","title":{"rendered":"Orizatlense participa como Traductor en Telet\u00f3n 2023"},"content":{"rendered":"<aside class=\"mashsb-container mashsb-main mashsb-stretched\"><div class=\"mashsb-box\"><div class=\"mashsb-count mash-large\" style=\"float:left\"><div class=\"counts mashsbcount\">6<\/div><span class=\"mashsb-sharetext\">SHARES<\/span><\/div><div class=\"mashsb-buttons\"><a class=\"mashicon-facebook mash-large mash-center mashsb-noshadow\" href=\"https:\/\/www.facebook.com\/sharer.php?u=https%3A%2F%2Fwww.zunoticia.com%2Fnoticias-de-hidalgo%2F2023%2F12%2F18%2Forizatlense-participa-como-traductor-en-teleton-2023%2F\" target=\"_top\" rel=\"nofollow\"><span class=\"icon\"><\/span><span class=\"text\">Share<\/span><\/a><a class=\"mashicon-twitter mash-large mash-center mashsb-noshadow\" href=\"https:\/\/twitter.com\/intent\/tweet?text=&amp;url=https:\/\/www.zunoticia.com\/noticias-de-hidalgo\/2023\/12\/18\/orizatlense-participa-como-traductor-en-teleton-2023\/\" target=\"_top\" rel=\"nofollow\"><span class=\"icon\"><\/span><span class=\"text\">Tweet<\/span><\/a><div class=\"onoffswitch2 mash-large mashsb-noshadow\" style=\"display:none\"><\/div><\/div>\n            <\/div>\n                <div style=\"clear:both\"><\/div><div class=\"mashsb-toggle-container\"><\/div><\/aside>\n            <!-- Share buttons by mashshare.net - Version: 4.0.47-->\n<p><em>Por \u00c1ngel Silverio\/Zunoticia<\/em><\/p>\n\n\n\n<p><strong>San Felipe Orizatl\u00e1n, Hgo.-<\/strong> Demostrando que pese a su condici\u00f3n, se puede lograr muchas cosas y poner en alto el nombre de su natal San Felipe Orizatl\u00e1n, Carlos Jes\u00fas Rivera Herrera, quien padece de una discapacidad auditiva, es parte fundamental de la edici\u00f3n 2023 del Telet\u00f3n que se transmite por la se\u00f1al de televisi\u00f3n abierta Televisa.<\/p>\n\n\n\n<p>Rivera Herrera, es originario de la Huasteca Hidalguense, mismo que tuvo la oportunidad de participar en las c\u00e1psulas del conocido evento que se dedica a apoyar a los ni\u00f1os y adolescentes con alguna discapacidad motriz, siendo Carlos Jes\u00fas Rivera, participante como traductor de lenguaje de se\u00f1as mexicano.<\/p>\n\n\n\n<p>Tras su aparici\u00f3n y participaci\u00f3n en esta edici\u00f3n del Telet\u00f3n, Carlos Rivera, agradeci\u00f3 la invitaci\u00f3n de Maril\u00fa Bello, y a la televisora de talla internacional, por buscar la igualdad e inclusi\u00f3n de las personas con alg\u00fan tipo de discapacidad.<\/p>\n\n\n\n<p>A\u00f1adi\u00f3 que ahora, con su participaci\u00f3n busca y espera que las instituciones y diferentes instancias que hay en la Huasteca que prestan servicio a las personas con discapacidad, respeten y sobre todo busquen la manera de apoyarlos en todos los sentidos, pues ser\u00e1 una voz y un luchador social para este sector de la poblaci\u00f3n.<\/p>\n","protected":false},"excerpt":{"rendered":"<p>Por \u00c1ngel Silverio\/Zunoticia San Felipe Orizatl\u00e1n, Hgo.- Demostrando que pese a su condici\u00f3n, se puede lograr muchas cosas y poner en alto el nombre de su natal San Felipe Orizatl\u00e1n, Carlos Jes\u00fas Rivera Herrera, quien padece de una discapacidad auditiva, es parte fundamental de la edici\u00f3n 2023 del Telet\u00f3n que se transmite por la se\u00f1al&hellip; <a class=\"more-link\" href=\"https:\/\/www.zunoticia.com\/noticias-de-hidalgo\/2023\/12\/18\/orizatlense-participa-como-traductor-en-teleton-2023\/\">Seguir leyendo <span class=\"screen-reader-text\">Orizatlense participa como Traductor en Telet\u00f3n 2023<\/span><\/a><\/p>\n","protected":false},"author":13,"featured_media":518680,"comment_status":"open","ping_status":"open","sticky":false,"template":"","format":"standard","meta":{"rop_custom_images_group":[],"rop_custom_messages_group":[],"rop_publish_now":"initial","rop_publish_now_accounts":{"facebook_10159540855086992_322828327761733":""},"rop_publish_now_history":[],"rop_publish_now_status":"pending","footnotes":""},"categories":[180],"tags":[129],"class_list":["post-518684","post","type-post","status-publish","format-standard","has-post-thumbnail","hentry","category-orizatlan","tag-orizatlan","entry"],"_links":{"self":[{"href":"https:\/\/www.zunoticia.com\/noticias-de-hidalgo\/wp-json\/wp\/v2\/posts\/518684","targetHints":{"allow":["GET"]}}],"collection":[{"href":"https:\/\/www.zunoticia.com\/noticias-de-hidalgo\/wp-json\/wp\/v2\/posts"}],"about":[{"href":"https:\/\/www.zunoticia.com\/noticias-de-hidalgo\/wp-json\/wp\/v2\/types\/post"}],"author":[{"embeddable":true,"href":"https:\/\/www.zunoticia.com\/noticias-de-hidalgo\/wp-json\/wp\/v2\/users\/13"}],"replies":[{"embeddable":true,"href":"https:\/\/www.zunoticia.com\/noticias-de-hidalgo\/wp-json\/wp\/v2\/comments?post=518684"}],"version-history":[{"count":1,"href":"https:\/\/www.zunoticia.com\/noticias-de-hidalgo\/wp-json\/wp\/v2\/posts\/518684\/revisions"}],"predecessor-version":[{"id":518685,"href":"https:\/\/www.zunoticia.com\/noticias-de-hidalgo\/wp-json\/wp\/v2\/posts\/518684\/revisions\/518685"}],"wp:featuredmedia":[{"embeddable":true,"href":"https:\/\/www.zunoticia.com\/noticias-de-hidalgo\/wp-json\/wp\/v2\/media\/518680"}],"wp:attachment":[{"href":"https:\/\/www.zunoticia.com\/noticias-de-hidalgo\/wp-json\/wp\/v2\/media?parent=518684"}],"wp:term":[{"taxonomy":"category","embeddable":true,"href":"https:\/\/www.zunoticia.com\/noticias-de-hidalgo\/wp-json\/wp\/v2\/categories?post=518684"},{"taxonomy":"post_tag","embeddable":true,"href":"https:\/\/www.zunoticia.com\/noticias-de-hidalgo\/wp-json\/wp\/v2\/tags?post=518684"}],"curies":[{"name":"wp","href":"https:\/\/api.w.org\/{rel}","templated":true}]}}