{"id":518724,"date":"2023-12-18T20:40:53","date_gmt":"2023-12-19T02:40:53","guid":{"rendered":"https:\/\/www.zunoticia.com\/noticias-de-hidalgo\/?p=518724"},"modified":"2023-12-18T20:40:54","modified_gmt":"2023-12-19T02:40:54","slug":"firman-convenio-de-colaboracion-stpsh-y-sindicato-canadiense-del-sector-alimentario","status":"publish","type":"post","link":"https:\/\/www.zunoticia.com\/noticias-de-hidalgo\/2023\/12\/18\/firman-convenio-de-colaboracion-stpsh-y-sindicato-canadiense-del-sector-alimentario\/","title":{"rendered":"Firman Convenio de colaboraci\u00f3n STPSH y sindicato canadiense del sector alimentario"},"content":{"rendered":"<aside class=\"mashsb-container mashsb-main mashsb-stretched\"><div class=\"mashsb-box\"><div class=\"mashsb-count mash-large\" style=\"float:left\"><div class=\"counts mashsbcount\">2<\/div><span class=\"mashsb-sharetext\">SHARES<\/span><\/div><div class=\"mashsb-buttons\"><a class=\"mashicon-facebook mash-large mash-center mashsb-noshadow\" href=\"https:\/\/www.facebook.com\/sharer.php?u=https%3A%2F%2Fwww.zunoticia.com%2Fnoticias-de-hidalgo%2F2023%2F12%2F18%2Ffirman-convenio-de-colaboracion-stpsh-y-sindicato-canadiense-del-sector-alimentario%2F\" target=\"_top\" rel=\"nofollow\"><span class=\"icon\"><\/span><span class=\"text\">Share<\/span><\/a><a class=\"mashicon-twitter mash-large mash-center mashsb-noshadow\" href=\"https:\/\/twitter.com\/intent\/tweet?text=&amp;url=https:\/\/www.zunoticia.com\/noticias-de-hidalgo\/2023\/12\/18\/firman-convenio-de-colaboracion-stpsh-y-sindicato-canadiense-del-sector-alimentario\/\" target=\"_top\" rel=\"nofollow\"><span class=\"icon\"><\/span><span class=\"text\">Tweet<\/span><\/a><div class=\"onoffswitch2 mash-large mashsb-noshadow\" style=\"display:none\"><\/div><\/div>\n            <\/div>\n                <div style=\"clear:both\"><\/div><div class=\"mashsb-toggle-container\"><\/div><\/aside>\n            <!-- Share buttons by mashshare.net - Version: 4.0.47-->\n<ul class=\"wp-block-list\">\n<li>La administraci\u00f3n del gobernador Julio Menchaca Salazar, es aliada de las y los trabajadores migrantes.<\/li>\n<\/ul>\n\n\n\n<p><em>Por Redacci\u00f3n\/Zunoticia<\/em><em><\/em><\/p>\n\n\n\n<p><strong>Mineral de la Reforma, Hgo.-<\/strong> Promover una migraci\u00f3n ordenada, legal y segura es uno de los objetivos de la Secretar\u00eda del Trabajo y Previsi\u00f3n Social de Hidalgo (STPSH), esto a trav\u00e9s de los distintos programas de movilidad laboral, tanto para el interior del pa\u00eds como para el extranjero, se\u00f1al\u00f3 el secretario del Trabajo de la entidad, Oscar Javier Gonz\u00e1lez Hern\u00e1ndez.<\/p>\n\n\n\n<p>En el marco del d\u00eda Internacional del Migrante, el secretario del trabajo de la entidad, realiz\u00f3 la firma de convenio de colaboraci\u00f3n entre la STPSH y Union Food and Commercial Workers UFCW Canad\u00e1 (Sindicato de Trabajadores del Sector Alimenticio y del Comercio de Canad\u00e1).<\/p>\n\n\n\n<figure class=\"wp-block-image size-full\"><img fetchpriority=\"high\" decoding=\"async\" width=\"1280\" height=\"853\" src=\"https:\/\/www.zunoticia.com\/noticias-de-hidalgo\/wp-content\/uploads\/2023\/12\/eZy-Watermark_18-12-2023_08-35-49-1350p.m.jpg\" alt=\"\" class=\"wp-image-518727\"\/><\/figure>\n\n\n\n<p>El titular de la dependencia indic\u00f3 que el acuerdo fortalece la protecci\u00f3n de los derechos laborales de los trabajadores hidalguenses en Canad\u00e1.<\/p>\n\n\n\n<p>A\u00f1adi\u00f3 que esta organizaci\u00f3n busca representar a miembros individuales o colectivos para fortalecer sus derechos laborales y apoyar a la legislaci\u00f3n pol\u00edtica que protege los intereses de los trabajadores.<\/p>\n\n\n\n<p>Gonz\u00e1lez Hern\u00e1ndez enfatiz\u00f3 que el gobernador Julio Menchaca Salazar reconoce el trabajo realizado por las y los trabajadores migrantes, ya que ellos son altamente productivos en la b\u00fasqueda del bienestar de sus familias y ese es tambi\u00e9n el objetivo principal de la administraci\u00f3n estatal.<\/p>\n\n\n\n<p>Destac\u00f3 que este sector tiene un aliado en la STPSH y, a trav\u00e9s del Servicio Nacional de Empleo Hidalgo, \u201cnos encontramos vigilantes de que se respeten los derechos laborales, ya que cuentan con un gran aliado como es el gobernador Julio Menchaca\u201d, manifest\u00f3 el secretario.<\/p>\n\n\n\n<p>Pablo Godoy, vicepresidente para Am\u00e9rica Latina de la UFCW, reconoci\u00f3 a los trabajadores agr\u00edcolas temporales que desde hace 50 a\u00f1os acuden a las granjas en Canad\u00e1.<\/p>\n\n\n\n<p>\u201cHoy rendimos un homenaje a quienes son doblemente vulnerables, porque son migrantes y trabajan en el campo y en Canad\u00e1 la agricultura se le conoce como uno de los trabajos m\u00e1s vulnerables. Para nuestra organizaci\u00f3n cualquier trabajador en Canad\u00e1, independientemente de su estatus de residente, independientemente del pa\u00eds de donde provenga merece todos los derechos, protecciones y apoyos que proporciona Canad\u00e1,\u201d puntualiz\u00f3.<\/p>\n\n\n\n<p>Con la finalidad de destacar el trabajo como migrantes, al formar parte del Programa de Trabajadores Agr\u00edcolas Temporales M\u00e9xico-Canad\u00e1, se entregaron reconocimientos por trayectoria a Guillermo Hern\u00e1ndez Luis, quien forma parte del programa desde 1989, as\u00ed como a Andr\u00e9s Fragoso Hern\u00e1ndez, quien se integr\u00f3 al programa desde 1993.<\/p>\n\n\n\n<p>Tambi\u00e9n fueron reconocidos Jos\u00e9 Luis Elizalde Meneses, Teodoro Bello Mart\u00ednez, Rosamar\u00eda Delucio Morales y Edibeni Escalante.<\/p>\n\n\n\n<p>El UFCW es un sindicato que tiene por objetivo fortalecer los derechos laborales de acuerdo a las legislaciones locales, sin importar la situaci\u00f3n migratoria del trabajador.<\/p>\n","protected":false},"excerpt":{"rendered":"<p>Por Redacci\u00f3n\/Zunoticia Mineral de la Reforma, Hgo.- Promover una migraci\u00f3n ordenada, legal y segura es uno de los objetivos de la Secretar\u00eda del Trabajo y Previsi\u00f3n Social de Hidalgo (STPSH), esto a trav\u00e9s de los distintos programas de movilidad laboral, tanto para el interior del pa\u00eds como para el extranjero, se\u00f1al\u00f3 el secretario del Trabajo&hellip; <a class=\"more-link\" href=\"https:\/\/www.zunoticia.com\/noticias-de-hidalgo\/2023\/12\/18\/firman-convenio-de-colaboracion-stpsh-y-sindicato-canadiense-del-sector-alimentario\/\">Seguir leyendo <span class=\"screen-reader-text\">Firman Convenio de colaboraci\u00f3n STPSH y sindicato canadiense del sector alimentario<\/span><\/a><\/p>\n","protected":false},"author":12,"featured_media":518725,"comment_status":"open","ping_status":"open","sticky":false,"template":"","format":"standard","meta":{"rop_custom_images_group":[],"rop_custom_messages_group":[],"rop_publish_now":"initial","rop_publish_now_accounts":{"facebook_10159540855086992_322828327761733":""},"rop_publish_now_history":[],"rop_publish_now_status":"pending","footnotes":""},"categories":[208],"tags":[214],"class_list":["post-518724","post","type-post","status-publish","format-standard","has-post-thumbnail","hentry","category-estado","tag-estado","entry"],"_links":{"self":[{"href":"https:\/\/www.zunoticia.com\/noticias-de-hidalgo\/wp-json\/wp\/v2\/posts\/518724","targetHints":{"allow":["GET"]}}],"collection":[{"href":"https:\/\/www.zunoticia.com\/noticias-de-hidalgo\/wp-json\/wp\/v2\/posts"}],"about":[{"href":"https:\/\/www.zunoticia.com\/noticias-de-hidalgo\/wp-json\/wp\/v2\/types\/post"}],"author":[{"embeddable":true,"href":"https:\/\/www.zunoticia.com\/noticias-de-hidalgo\/wp-json\/wp\/v2\/users\/12"}],"replies":[{"embeddable":true,"href":"https:\/\/www.zunoticia.com\/noticias-de-hidalgo\/wp-json\/wp\/v2\/comments?post=518724"}],"version-history":[{"count":1,"href":"https:\/\/www.zunoticia.com\/noticias-de-hidalgo\/wp-json\/wp\/v2\/posts\/518724\/revisions"}],"predecessor-version":[{"id":518729,"href":"https:\/\/www.zunoticia.com\/noticias-de-hidalgo\/wp-json\/wp\/v2\/posts\/518724\/revisions\/518729"}],"wp:featuredmedia":[{"embeddable":true,"href":"https:\/\/www.zunoticia.com\/noticias-de-hidalgo\/wp-json\/wp\/v2\/media\/518725"}],"wp:attachment":[{"href":"https:\/\/www.zunoticia.com\/noticias-de-hidalgo\/wp-json\/wp\/v2\/media?parent=518724"}],"wp:term":[{"taxonomy":"category","embeddable":true,"href":"https:\/\/www.zunoticia.com\/noticias-de-hidalgo\/wp-json\/wp\/v2\/categories?post=518724"},{"taxonomy":"post_tag","embeddable":true,"href":"https:\/\/www.zunoticia.com\/noticias-de-hidalgo\/wp-json\/wp\/v2\/tags?post=518724"}],"curies":[{"name":"wp","href":"https:\/\/api.w.org\/{rel}","templated":true}]}}