{"id":520094,"date":"2023-12-29T15:46:42","date_gmt":"2023-12-29T21:46:42","guid":{"rendered":"https:\/\/www.zunoticia.com\/noticias-de-hidalgo\/?p=520094"},"modified":"2023-12-29T15:46:43","modified_gmt":"2023-12-29T21:46:43","slug":"pgjeh-investiga-la-desaparicion-de-taxista","status":"publish","type":"post","link":"https:\/\/www.zunoticia.com\/noticias-de-hidalgo\/2023\/12\/29\/pgjeh-investiga-la-desaparicion-de-taxista\/","title":{"rendered":"PGJEH investiga la desaparici\u00f3n de taxista"},"content":{"rendered":"<aside class=\"mashsb-container mashsb-main mashsb-stretched\"><div class=\"mashsb-box\"><div class=\"mashsb-count mash-large\" style=\"float:left\"><div class=\"counts mashsbcount\">35<\/div><span class=\"mashsb-sharetext\">SHARES<\/span><\/div><div class=\"mashsb-buttons\"><a class=\"mashicon-facebook mash-large mash-center mashsb-noshadow\" href=\"https:\/\/www.facebook.com\/sharer.php?u=https%3A%2F%2Fwww.zunoticia.com%2Fnoticias-de-hidalgo%2F2023%2F12%2F29%2Fpgjeh-investiga-la-desaparicion-de-taxista%2F\" target=\"_top\" rel=\"nofollow\"><span class=\"icon\"><\/span><span class=\"text\">Share<\/span><\/a><a class=\"mashicon-twitter mash-large mash-center mashsb-noshadow\" href=\"https:\/\/twitter.com\/intent\/tweet?text=&amp;url=https:\/\/www.zunoticia.com\/noticias-de-hidalgo\/2023\/12\/29\/pgjeh-investiga-la-desaparicion-de-taxista\/\" target=\"_top\" rel=\"nofollow\"><span class=\"icon\"><\/span><span class=\"text\">Tweet<\/span><\/a><div class=\"onoffswitch2 mash-large mashsb-noshadow\" style=\"display:none\"><\/div><\/div>\n            <\/div>\n                <div style=\"clear:both\"><\/div><div class=\"mashsb-toggle-container\"><\/div><\/aside>\n            <!-- Share buttons by mashshare.net - Version: 4.0.47-->\n<p><em>Por Francisco Rosas\/Zunoticia<\/em><\/p>\n\n\n\n<p><strong>Huejutla, Hgo.-<\/strong> La Procuradur\u00eda General de Justicia del Estado de Hidalgo (PGJEH), inici\u00f3 una carpeta de investigaci\u00f3n por la desaparici\u00f3n del taxista Claro Hern\u00e1ndez Hern\u00e1ndez, de 59 a\u00f1os de edad, con domicilio en la colonia Los Prados de esta ciudad.<\/p>\n\n\n\n<p>El trabajador del volante desapareci\u00f3 la ma\u00f1ana del pasado mi\u00e9rcoles 27 de diciembre y desde entonces se desconoce su paradero, por lo que la PGJEH elabor\u00f3 una ficha de b\u00fasqueda.<\/p>\n\n\n\n<p>Trascendi\u00f3 que el taxi que conduc\u00eda esta persona, fue localizado abandonado cerca de la localidad de Xiloco, perteneciente a este municipio, sin embargo, hasta el momento no hay rastros del se\u00f1or Claro.<\/p>\n\n\n\n<p>Por lo anterior, las autoridades ministeriales est\u00e1n investigando el caso y a su vez solicitan la colaboraci\u00f3n de la poblaci\u00f3n en general para difundir y compartir la ficha de b\u00fasqueda, de esta persona del sexo masculino; para cualquier informaci\u00f3n que ayude a su localizaci\u00f3n, piden comunicarse al n\u00famero telef\u00f3nico 8009121314.<\/p>\n","protected":false},"excerpt":{"rendered":"<p>Por Francisco Rosas\/Zunoticia Huejutla, Hgo.- La Procuradur\u00eda General de Justicia del Estado de Hidalgo (PGJEH), inici\u00f3 una carpeta de investigaci\u00f3n por la desaparici\u00f3n del taxista Claro Hern\u00e1ndez Hern\u00e1ndez, de 59 a\u00f1os de edad, con domicilio en la colonia Los Prados de esta ciudad. El trabajador del volante desapareci\u00f3 la ma\u00f1ana del pasado mi\u00e9rcoles 27 de&hellip; <a class=\"more-link\" href=\"https:\/\/www.zunoticia.com\/noticias-de-hidalgo\/2023\/12\/29\/pgjeh-investiga-la-desaparicion-de-taxista\/\">Seguir leyendo <span class=\"screen-reader-text\">PGJEH investiga la desaparici\u00f3n de taxista<\/span><\/a><\/p>\n","protected":false},"author":20,"featured_media":520095,"comment_status":"open","ping_status":"open","sticky":false,"template":"","format":"standard","meta":{"rop_custom_images_group":[],"rop_custom_messages_group":[],"rop_publish_now":"initial","rop_publish_now_accounts":{"facebook_10159540855086992_322828327761733":""},"rop_publish_now_history":[],"rop_publish_now_status":"pending","footnotes":""},"categories":[178],"tags":[259],"class_list":["post-520094","post","type-post","status-publish","format-standard","has-post-thumbnail","hentry","category-policiaca","tag-policiaca","entry"],"_links":{"self":[{"href":"https:\/\/www.zunoticia.com\/noticias-de-hidalgo\/wp-json\/wp\/v2\/posts\/520094","targetHints":{"allow":["GET"]}}],"collection":[{"href":"https:\/\/www.zunoticia.com\/noticias-de-hidalgo\/wp-json\/wp\/v2\/posts"}],"about":[{"href":"https:\/\/www.zunoticia.com\/noticias-de-hidalgo\/wp-json\/wp\/v2\/types\/post"}],"author":[{"embeddable":true,"href":"https:\/\/www.zunoticia.com\/noticias-de-hidalgo\/wp-json\/wp\/v2\/users\/20"}],"replies":[{"embeddable":true,"href":"https:\/\/www.zunoticia.com\/noticias-de-hidalgo\/wp-json\/wp\/v2\/comments?post=520094"}],"version-history":[{"count":1,"href":"https:\/\/www.zunoticia.com\/noticias-de-hidalgo\/wp-json\/wp\/v2\/posts\/520094\/revisions"}],"predecessor-version":[{"id":520096,"href":"https:\/\/www.zunoticia.com\/noticias-de-hidalgo\/wp-json\/wp\/v2\/posts\/520094\/revisions\/520096"}],"wp:featuredmedia":[{"embeddable":true,"href":"https:\/\/www.zunoticia.com\/noticias-de-hidalgo\/wp-json\/wp\/v2\/media\/520095"}],"wp:attachment":[{"href":"https:\/\/www.zunoticia.com\/noticias-de-hidalgo\/wp-json\/wp\/v2\/media?parent=520094"}],"wp:term":[{"taxonomy":"category","embeddable":true,"href":"https:\/\/www.zunoticia.com\/noticias-de-hidalgo\/wp-json\/wp\/v2\/categories?post=520094"},{"taxonomy":"post_tag","embeddable":true,"href":"https:\/\/www.zunoticia.com\/noticias-de-hidalgo\/wp-json\/wp\/v2\/tags?post=520094"}],"curies":[{"name":"wp","href":"https:\/\/api.w.org\/{rel}","templated":true}]}}