{"id":520101,"date":"2023-12-29T16:09:00","date_gmt":"2023-12-29T22:09:00","guid":{"rendered":"https:\/\/www.zunoticia.com\/noticias-de-hidalgo\/?p=520101"},"modified":"2023-12-29T16:09:01","modified_gmt":"2023-12-29T22:09:01","slug":"coordinador-de-la-4t-augura-triunfo-de-claudia-sheinbaum","status":"publish","type":"post","link":"https:\/\/www.zunoticia.com\/noticias-de-hidalgo\/2023\/12\/29\/coordinador-de-la-4t-augura-triunfo-de-claudia-sheinbaum\/","title":{"rendered":"Coordinador de la 4T augura triunfo de Claudia Sheinbaum"},"content":{"rendered":"<aside class=\"mashsb-container mashsb-main mashsb-stretched\"><div class=\"mashsb-box\"><div class=\"mashsb-count mash-large\" style=\"float:left\"><div class=\"counts mashsbcount\">13<\/div><span class=\"mashsb-sharetext\">SHARES<\/span><\/div><div class=\"mashsb-buttons\"><a class=\"mashicon-facebook mash-large mash-center mashsb-noshadow\" href=\"https:\/\/www.facebook.com\/sharer.php?u=https%3A%2F%2Fwww.zunoticia.com%2Fnoticias-de-hidalgo%2F2023%2F12%2F29%2Fcoordinador-de-la-4t-augura-triunfo-de-claudia-sheinbaum%2F\" target=\"_top\" rel=\"nofollow\"><span class=\"icon\"><\/span><span class=\"text\">Share<\/span><\/a><a class=\"mashicon-twitter mash-large mash-center mashsb-noshadow\" href=\"https:\/\/twitter.com\/intent\/tweet?text=&amp;url=https:\/\/www.zunoticia.com\/noticias-de-hidalgo\/2023\/12\/29\/coordinador-de-la-4t-augura-triunfo-de-claudia-sheinbaum\/\" target=\"_top\" rel=\"nofollow\"><span class=\"icon\"><\/span><span class=\"text\">Tweet<\/span><\/a><div class=\"onoffswitch2 mash-large mashsb-noshadow\" style=\"display:none\"><\/div><\/div>\n            <\/div>\n                <div style=\"clear:both\"><\/div><div class=\"mashsb-toggle-container\"><\/div><\/aside>\n            <!-- Share buttons by mashshare.net - Version: 4.0.47-->\n<p><em>Por Redacci\u00f3n\/Zunoticia<\/em><\/p>\n\n\n\n<p><strong>Huejutla, Hgo.<\/strong>&#8211; Gabriel Ramos Moguel, promotor de la Cuarta Transformaci\u00f3n en la Huasteca, augur\u00f3 un triunfo arrasador de Claudia Sheinbaum, precandidata \u00fanica del bloque que conforman Morena, Partido del Trabajo y Verde Ecologista de M\u00e9xico a la Presidencia de la naci\u00f3n.<\/p>\n\n\n\n<p>Asegur\u00f3 que en las elecciones del pr\u00f3ximo a\u00f1o los mexicanos decidir\u00e1n por profundizar el cambio que emprendi\u00f3 en 2018 Andr\u00e9s Manuel L\u00f3pez Obrador y que a la fecha ha permitido erradicar pr\u00e1cticas tan da\u00f1inas como la corrupci\u00f3n y vulnerabilidad de leg\u00edtimos derechos del pueblo.<\/p>\n\n\n\n<p>Es gracias a gobiernos que hoy encabezan el Movimiento de Regeneraci\u00f3n Nacional (Morena) que M\u00e9xico cuenta por primera vez en m\u00e1s de nueve d\u00e9cadas con administraciones p\u00fablicas verdaderamente comprometidas con las causas sociales y se resuelven, de ra\u00edz, problemas ancestrales, expres\u00f3.<\/p>\n\n\n\n<p>En entrevista, el referido consider\u00f3 que la doctora Sheinbaum es una mujer que ha demostrado su compromiso con la sociedad y un aut\u00e9ntico progreso de M\u00e9xico.<\/p>\n\n\n\n<p>Record\u00f3 que fue ella la responsable de echar un segundo piso a vialidades de la ciudad de M\u00e9xico \u201cy ahora ha manifestado su compromiso de poner un segundo piso a la Cuarta Transformaci\u00f3n\u201d lo que significa profundizar el proyecto de crear mejores condiciones de salud, educaci\u00f3n, seguridad, empleo. Esto es, progreso de M\u00e9xico y bienestar para la poblaci\u00f3n.<\/p>\n\n\n\n<p>Agreg\u00f3 que gracias a Morena en M\u00e9xico se introdujo la figura legal de revocaci\u00f3n de mandato que no representa otra cosa que el garantizar que gobernantes y representantes populares cumplan con la encomienda y responsabilidad que la sociedad les otorg\u00f3 a trav\u00e9s de su voto.<\/p>\n\n\n\n<p>Gabi Moguel minimiz\u00f3 que la oposici\u00f3n ofrezca una fuerza pol\u00edtica importante, \u201clamentablemente y una vez m\u00e1s, parecen m\u00e1s enfrascados en una lucha por preservar sus intereses personales y de grupo que en defender y ampliar los derechos del pueblo.<\/p>\n","protected":false},"excerpt":{"rendered":"<p>Por Redacci\u00f3n\/Zunoticia Huejutla, Hgo.&#8211; Gabriel Ramos Moguel, promotor de la Cuarta Transformaci\u00f3n en la Huasteca, augur\u00f3 un triunfo arrasador de Claudia Sheinbaum, precandidata \u00fanica del bloque que conforman Morena, Partido del Trabajo y Verde Ecologista de M\u00e9xico a la Presidencia de la naci\u00f3n. Asegur\u00f3 que en las elecciones del pr\u00f3ximo a\u00f1o los mexicanos decidir\u00e1n por&hellip; <a class=\"more-link\" href=\"https:\/\/www.zunoticia.com\/noticias-de-hidalgo\/2023\/12\/29\/coordinador-de-la-4t-augura-triunfo-de-claudia-sheinbaum\/\">Seguir leyendo <span class=\"screen-reader-text\">Coordinador de la 4T augura triunfo de Claudia Sheinbaum<\/span><\/a><\/p>\n","protected":false},"author":20,"featured_media":520102,"comment_status":"open","ping_status":"open","sticky":false,"template":"","format":"standard","meta":{"rop_custom_images_group":[],"rop_custom_messages_group":[],"rop_publish_now":"initial","rop_publish_now_accounts":{"facebook_10159540855086992_322828327761733":""},"rop_publish_now_history":[],"rop_publish_now_status":"pending","footnotes":""},"categories":[181],"tags":[121],"class_list":["post-520101","post","type-post","status-publish","format-standard","has-post-thumbnail","hentry","category-huejutla","tag-huejutla","entry"],"_links":{"self":[{"href":"https:\/\/www.zunoticia.com\/noticias-de-hidalgo\/wp-json\/wp\/v2\/posts\/520101","targetHints":{"allow":["GET"]}}],"collection":[{"href":"https:\/\/www.zunoticia.com\/noticias-de-hidalgo\/wp-json\/wp\/v2\/posts"}],"about":[{"href":"https:\/\/www.zunoticia.com\/noticias-de-hidalgo\/wp-json\/wp\/v2\/types\/post"}],"author":[{"embeddable":true,"href":"https:\/\/www.zunoticia.com\/noticias-de-hidalgo\/wp-json\/wp\/v2\/users\/20"}],"replies":[{"embeddable":true,"href":"https:\/\/www.zunoticia.com\/noticias-de-hidalgo\/wp-json\/wp\/v2\/comments?post=520101"}],"version-history":[{"count":1,"href":"https:\/\/www.zunoticia.com\/noticias-de-hidalgo\/wp-json\/wp\/v2\/posts\/520101\/revisions"}],"predecessor-version":[{"id":520103,"href":"https:\/\/www.zunoticia.com\/noticias-de-hidalgo\/wp-json\/wp\/v2\/posts\/520101\/revisions\/520103"}],"wp:featuredmedia":[{"embeddable":true,"href":"https:\/\/www.zunoticia.com\/noticias-de-hidalgo\/wp-json\/wp\/v2\/media\/520102"}],"wp:attachment":[{"href":"https:\/\/www.zunoticia.com\/noticias-de-hidalgo\/wp-json\/wp\/v2\/media?parent=520101"}],"wp:term":[{"taxonomy":"category","embeddable":true,"href":"https:\/\/www.zunoticia.com\/noticias-de-hidalgo\/wp-json\/wp\/v2\/categories?post=520101"},{"taxonomy":"post_tag","embeddable":true,"href":"https:\/\/www.zunoticia.com\/noticias-de-hidalgo\/wp-json\/wp\/v2\/tags?post=520101"}],"curies":[{"name":"wp","href":"https:\/\/api.w.org\/{rel}","templated":true}]}}