{"id":521972,"date":"2024-01-12T20:51:11","date_gmt":"2024-01-13T02:51:11","guid":{"rendered":"https:\/\/www.zunoticia.com\/noticias-de-hidalgo\/?p=521972"},"modified":"2024-01-12T20:51:13","modified_gmt":"2024-01-13T02:51:13","slug":"piden-catolicos-por-la-paz-en-el-mundo-entero-obispo","status":"publish","type":"post","link":"https:\/\/www.zunoticia.com\/noticias-de-hidalgo\/2024\/01\/12\/piden-catolicos-por-la-paz-en-el-mundo-entero-obispo\/","title":{"rendered":"Piden cat\u00f3licos por la paz en el mundo entero: Obispo"},"content":{"rendered":"<aside class=\"mashsb-container mashsb-main mashsb-stretched\"><div class=\"mashsb-box\"><div class=\"mashsb-count mash-large\" style=\"float:left\"><div class=\"counts mashsbcount\">36<\/div><span class=\"mashsb-sharetext\">SHARES<\/span><\/div><div class=\"mashsb-buttons\"><a class=\"mashicon-facebook mash-large mash-center mashsb-noshadow\" href=\"https:\/\/www.facebook.com\/sharer.php?u=https%3A%2F%2Fwww.zunoticia.com%2Fnoticias-de-hidalgo%2F2024%2F01%2F12%2Fpiden-catolicos-por-la-paz-en-el-mundo-entero-obispo%2F\" target=\"_top\" rel=\"nofollow\"><span class=\"icon\"><\/span><span class=\"text\">Share<\/span><\/a><a class=\"mashicon-twitter mash-large mash-center mashsb-noshadow\" href=\"https:\/\/twitter.com\/intent\/tweet?text=&amp;url=https:\/\/www.zunoticia.com\/noticias-de-hidalgo\/2024\/01\/12\/piden-catolicos-por-la-paz-en-el-mundo-entero-obispo\/\" target=\"_top\" rel=\"nofollow\"><span class=\"icon\"><\/span><span class=\"text\">Tweet<\/span><\/a><div class=\"onoffswitch2 mash-large mashsb-noshadow\" style=\"display:none\"><\/div><\/div>\n            <\/div>\n                <div style=\"clear:both\"><\/div><div class=\"mashsb-toggle-container\"><\/div><\/aside>\n            <!-- Share buttons by mashshare.net - Version: 4.0.47-->\n<p><em>Por Enedino Hern\u00e1ndez\/Zunoticia<\/em><\/p>\n\n\n\n<p><strong>Huejutla, Hgo.-<\/strong> La ense\u00f1anza del Papa Francisco es que, todos, como cristianos, seamos arquitectos o artesanos de paz, en este a\u00f1o uno de nuestros grandes deseos es pedir por la paz en nuestros hogares, la paz en nuestros corazones y la paz en el mundo entero, se\u00f1ala el Obispo de la Di\u00f3cesis de Huejutla de Reyes, Jos\u00e9 Hir\u00e1is Acosta Beltr\u00e1n.<\/p>\n\n\n\n<p>Expone que, \u201cen este a\u00f1o hemos estado haciendo oraci\u00f3n en las eucarist\u00edas dominicales de acuerdo con diferentes esquemas, que nos ha facilitado la misma Conferencia del Episcopado Mexicano desde el \u00e1mbito de la comisi\u00f3n de liturgia\u201d.<\/p>\n\n\n\n<p>\u201cHemos pedido por la paz, hemos intensificado nuestra oraci\u00f3n por la paz en M\u00e9xico, por la paz en el mundo entero, vemos a nivel mundial las guerras, Rusia-Ucrania, \u00faltimamente Israel-Palestina, la franja de Gaza. Todo esto afecta a mucha gente, afecta al mundo entero en cuanto al comercio, se encarecen muchos productos, las relaciones entre los pa\u00edses se alteran\u201d.<\/p>\n\n\n\n<p>Asimismo, dijo que en M\u00e9xico \u201cen nuestro pa\u00eds, nuestra naci\u00f3n mexicana ha sido muy gravemente da\u00f1ada, afectada por la delincuencia, por el crimen organizado, por el narcotr\u00e1fico, robos, asaltos, secuestros, cobros de piso\u201d.<\/p>\n\n\n\n<p>\u201cNos dan algunos medios datos de que han disminuido este tipo de situaciones de delincuencia, sin embargo; vemos la realidad, la observamos con nuestros propios ojos, por aqu\u00ed cerca y es diferente\u201d.<\/p>\n\n\n\n<p>Subraya que, cada d\u00eda se presentan este tipo de situaciones, crece el miedo y crece el p\u00e1nico entre la ciudadan\u00eda, por el hecho de no poder transitar con plena libertad o al salir no se sabe a qu\u00e9 nos vamos a exponer.<\/p>\n\n\n\n<p>\u201cPor lo tanto, nuestra exhortaci\u00f3n a partir de la Conferencia del Episcopado Mexicano y cada Obispo en su propia regi\u00f3n, invitamos a las autoridades de todos los niveles para que hagan lo propio en relaci\u00f3n a procurar la paz en torno a este tema de la violencia, de la delincuencia y de la inseguridad\u201d.<\/p>\n\n\n\n<p>A\u00f1ade que, todos los ciudadanos tenemos ese derecho de vivir en paz, vivir con tranquilidad y tambi\u00e9n es algo que corresponde a todos los ciudadanos el trabajar por la paz y trabajar por la justicia.<\/p>\n\n\n\n<p>M\u00e1s adelante, exhorta a los padres de familia para que desde sus hogares vayan construyendo la paz que deseamos, quiz\u00e1s no inmediata, a futuro, con la educaci\u00f3n de los ni\u00f1os, de los adolescentes y de los j\u00f3venes.<\/p>\n\n\n\n<p>Jos\u00e9 Hir\u00e1is Acosta Beltr\u00e1n, concluye diciendo que es en la familia en donde se pueden ir configurando estos valores en las nuevas generaciones, adem\u00e1s desde la fe de la iglesia cat\u00f3lica, como cat\u00f3licos se tiene que vivir como ciudadanos que promuevan y que procuren la paz.<\/p>\n","protected":false},"excerpt":{"rendered":"<p>Por Enedino Hern\u00e1ndez\/Zunoticia Huejutla, Hgo.- La ense\u00f1anza del Papa Francisco es que, todos, como cristianos, seamos arquitectos o artesanos de paz, en este a\u00f1o uno de nuestros grandes deseos es pedir por la paz en nuestros hogares, la paz en nuestros corazones y la paz en el mundo entero, se\u00f1ala el Obispo de la Di\u00f3cesis&hellip; <a class=\"more-link\" href=\"https:\/\/www.zunoticia.com\/noticias-de-hidalgo\/2024\/01\/12\/piden-catolicos-por-la-paz-en-el-mundo-entero-obispo\/\">Seguir leyendo <span class=\"screen-reader-text\">Piden cat\u00f3licos por la paz en el mundo entero: Obispo<\/span><\/a><\/p>\n","protected":false},"author":12,"featured_media":521955,"comment_status":"open","ping_status":"open","sticky":false,"template":"","format":"standard","meta":{"rop_custom_images_group":[],"rop_custom_messages_group":[],"rop_publish_now":"initial","rop_publish_now_accounts":{"facebook_10159540855086992_322828327761733":""},"rop_publish_now_history":[],"rop_publish_now_status":"pending","footnotes":""},"categories":[181],"tags":[121],"class_list":["post-521972","post","type-post","status-publish","format-standard","has-post-thumbnail","hentry","category-huejutla","tag-huejutla","entry"],"_links":{"self":[{"href":"https:\/\/www.zunoticia.com\/noticias-de-hidalgo\/wp-json\/wp\/v2\/posts\/521972","targetHints":{"allow":["GET"]}}],"collection":[{"href":"https:\/\/www.zunoticia.com\/noticias-de-hidalgo\/wp-json\/wp\/v2\/posts"}],"about":[{"href":"https:\/\/www.zunoticia.com\/noticias-de-hidalgo\/wp-json\/wp\/v2\/types\/post"}],"author":[{"embeddable":true,"href":"https:\/\/www.zunoticia.com\/noticias-de-hidalgo\/wp-json\/wp\/v2\/users\/12"}],"replies":[{"embeddable":true,"href":"https:\/\/www.zunoticia.com\/noticias-de-hidalgo\/wp-json\/wp\/v2\/comments?post=521972"}],"version-history":[{"count":1,"href":"https:\/\/www.zunoticia.com\/noticias-de-hidalgo\/wp-json\/wp\/v2\/posts\/521972\/revisions"}],"predecessor-version":[{"id":521973,"href":"https:\/\/www.zunoticia.com\/noticias-de-hidalgo\/wp-json\/wp\/v2\/posts\/521972\/revisions\/521973"}],"wp:featuredmedia":[{"embeddable":true,"href":"https:\/\/www.zunoticia.com\/noticias-de-hidalgo\/wp-json\/wp\/v2\/media\/521955"}],"wp:attachment":[{"href":"https:\/\/www.zunoticia.com\/noticias-de-hidalgo\/wp-json\/wp\/v2\/media?parent=521972"}],"wp:term":[{"taxonomy":"category","embeddable":true,"href":"https:\/\/www.zunoticia.com\/noticias-de-hidalgo\/wp-json\/wp\/v2\/categories?post=521972"},{"taxonomy":"post_tag","embeddable":true,"href":"https:\/\/www.zunoticia.com\/noticias-de-hidalgo\/wp-json\/wp\/v2\/tags?post=521972"}],"curies":[{"name":"wp","href":"https:\/\/api.w.org\/{rel}","templated":true}]}}