{"id":521974,"date":"2024-01-12T21:05:27","date_gmt":"2024-01-13T03:05:27","guid":{"rendered":"https:\/\/www.zunoticia.com\/noticias-de-hidalgo\/?p=521974"},"modified":"2024-01-12T21:05:29","modified_gmt":"2024-01-13T03:05:29","slug":"sin-espacios-el-cementerio-municipal","status":"publish","type":"post","link":"https:\/\/www.zunoticia.com\/noticias-de-hidalgo\/2024\/01\/12\/sin-espacios-el-cementerio-municipal\/","title":{"rendered":"Sin espacios el cementerio municipal"},"content":{"rendered":"<aside class=\"mashsb-container mashsb-main mashsb-stretched\"><div class=\"mashsb-box\"><div class=\"mashsb-count mash-large\" style=\"float:left\"><div class=\"counts mashsbcount\">23<\/div><span class=\"mashsb-sharetext\">SHARES<\/span><\/div><div class=\"mashsb-buttons\"><a class=\"mashicon-facebook mash-large mash-center mashsb-noshadow\" href=\"https:\/\/www.facebook.com\/sharer.php?u=https%3A%2F%2Fwww.zunoticia.com%2Fnoticias-de-hidalgo%2F2024%2F01%2F12%2Fsin-espacios-el-cementerio-municipal%2F\" target=\"_top\" rel=\"nofollow\"><span class=\"icon\"><\/span><span class=\"text\">Share<\/span><\/a><a class=\"mashicon-twitter mash-large mash-center mashsb-noshadow\" href=\"https:\/\/twitter.com\/intent\/tweet?text=&amp;url=https:\/\/www.zunoticia.com\/noticias-de-hidalgo\/2024\/01\/12\/sin-espacios-el-cementerio-municipal\/\" target=\"_top\" rel=\"nofollow\"><span class=\"icon\"><\/span><span class=\"text\">Tweet<\/span><\/a><div class=\"onoffswitch2 mash-large mashsb-noshadow\" style=\"display:none\"><\/div><\/div>\n            <\/div>\n                <div style=\"clear:both\"><\/div><div class=\"mashsb-toggle-container\"><\/div><\/aside>\n            <!-- Share buttons by mashshare.net - Version: 4.0.47-->\n<p><em>Por Roberto Ram\u00edrez\/Zunoticia<\/em><\/p>\n\n\n\n<p><strong>Yahualica, Hgo.-<\/strong> El cementerio de la cabecera municipal actualmente ya no cuenta con espacios para m\u00e1s entierros, por lo que es necesario buscar un nuevo lugar para acondicionarlo y est\u00e9 disponible para el requerimiento de los habitantes de la cabecera municipal, se\u00f1al\u00f3 Francisco Aguado Hern\u00e1ndez.<\/p>\n\n\n\n<p>Apunt\u00f3 que, al paso de los a\u00f1os este camposanto, que est\u00e1 ubicado al lado izquierdo de la iglesia San Juan Bautista, ya se llen\u00f3, por lo que es importante que las autoridades delegaciones, ejidales y municipales analicen esta situaci\u00f3n para bien del pueblo de Yahualica.<\/p>\n\n\n\n<p>Esto derivado de que este cementerio ya tiene muchos a\u00f1os y hoy los \u00faltimos lugares que hay ya est\u00e1n apartados, por lo que en el futuro se tendr\u00e1 un problema con esta situaci\u00f3n y de ah\u00ed la importancia que las autoridades intervengan y den una soluci\u00f3n definitiva.<\/p>\n","protected":false},"excerpt":{"rendered":"<p>Por Roberto Ram\u00edrez\/Zunoticia Yahualica, Hgo.- El cementerio de la cabecera municipal actualmente ya no cuenta con espacios para m\u00e1s entierros, por lo que es necesario buscar un nuevo lugar para acondicionarlo y est\u00e9 disponible para el requerimiento de los habitantes de la cabecera municipal, se\u00f1al\u00f3 Francisco Aguado Hern\u00e1ndez. Apunt\u00f3 que, al paso de los a\u00f1os&hellip; <a class=\"more-link\" href=\"https:\/\/www.zunoticia.com\/noticias-de-hidalgo\/2024\/01\/12\/sin-espacios-el-cementerio-municipal\/\">Seguir leyendo <span class=\"screen-reader-text\">Sin espacios el cementerio municipal<\/span><\/a><\/p>\n","protected":false},"author":12,"featured_media":521961,"comment_status":"open","ping_status":"open","sticky":false,"template":"","format":"standard","meta":{"rop_custom_images_group":[],"rop_custom_messages_group":[],"rop_publish_now":"initial","rop_publish_now_accounts":{"facebook_10159540855086992_322828327761733":""},"rop_publish_now_history":[],"rop_publish_now_status":"pending","footnotes":""},"categories":[179,203],"tags":[123],"class_list":["post-521974","post","type-post","status-publish","format-standard","has-post-thumbnail","hentry","category-huasteca","category-yahualica","tag-yahualica","entry"],"_links":{"self":[{"href":"https:\/\/www.zunoticia.com\/noticias-de-hidalgo\/wp-json\/wp\/v2\/posts\/521974","targetHints":{"allow":["GET"]}}],"collection":[{"href":"https:\/\/www.zunoticia.com\/noticias-de-hidalgo\/wp-json\/wp\/v2\/posts"}],"about":[{"href":"https:\/\/www.zunoticia.com\/noticias-de-hidalgo\/wp-json\/wp\/v2\/types\/post"}],"author":[{"embeddable":true,"href":"https:\/\/www.zunoticia.com\/noticias-de-hidalgo\/wp-json\/wp\/v2\/users\/12"}],"replies":[{"embeddable":true,"href":"https:\/\/www.zunoticia.com\/noticias-de-hidalgo\/wp-json\/wp\/v2\/comments?post=521974"}],"version-history":[{"count":1,"href":"https:\/\/www.zunoticia.com\/noticias-de-hidalgo\/wp-json\/wp\/v2\/posts\/521974\/revisions"}],"predecessor-version":[{"id":521975,"href":"https:\/\/www.zunoticia.com\/noticias-de-hidalgo\/wp-json\/wp\/v2\/posts\/521974\/revisions\/521975"}],"wp:featuredmedia":[{"embeddable":true,"href":"https:\/\/www.zunoticia.com\/noticias-de-hidalgo\/wp-json\/wp\/v2\/media\/521961"}],"wp:attachment":[{"href":"https:\/\/www.zunoticia.com\/noticias-de-hidalgo\/wp-json\/wp\/v2\/media?parent=521974"}],"wp:term":[{"taxonomy":"category","embeddable":true,"href":"https:\/\/www.zunoticia.com\/noticias-de-hidalgo\/wp-json\/wp\/v2\/categories?post=521974"},{"taxonomy":"post_tag","embeddable":true,"href":"https:\/\/www.zunoticia.com\/noticias-de-hidalgo\/wp-json\/wp\/v2\/tags?post=521974"}],"curies":[{"name":"wp","href":"https:\/\/api.w.org\/{rel}","templated":true}]}}