{"id":521997,"date":"2024-01-13T11:45:21","date_gmt":"2024-01-13T17:45:21","guid":{"rendered":"https:\/\/www.zunoticia.com\/noticias-de-hidalgo\/?p=521997"},"modified":"2024-01-13T11:46:00","modified_gmt":"2024-01-13T17:46:00","slug":"compactadora-destrozo-automovil-de-enfermera","status":"publish","type":"post","link":"https:\/\/www.zunoticia.com\/noticias-de-hidalgo\/2024\/01\/13\/compactadora-destrozo-automovil-de-enfermera\/","title":{"rendered":"Compactadora destroz\u00f3 autom\u00f3vil de enfermera"},"content":{"rendered":"<aside class=\"mashsb-container mashsb-main mashsb-stretched\"><div class=\"mashsb-box\"><div class=\"mashsb-count mash-large\" style=\"float:left\"><div class=\"counts mashsbcount\">20<\/div><span class=\"mashsb-sharetext\">SHARES<\/span><\/div><div class=\"mashsb-buttons\"><a class=\"mashicon-facebook mash-large mash-center mashsb-noshadow\" href=\"https:\/\/www.facebook.com\/sharer.php?u=https%3A%2F%2Fwww.zunoticia.com%2Fnoticias-de-hidalgo%2F2024%2F01%2F13%2Fcompactadora-destrozo-automovil-de-enfermera%2F\" target=\"_top\" rel=\"nofollow\"><span class=\"icon\"><\/span><span class=\"text\">Share<\/span><\/a><a class=\"mashicon-twitter mash-large mash-center mashsb-noshadow\" href=\"https:\/\/twitter.com\/intent\/tweet?text=&amp;url=https:\/\/www.zunoticia.com\/noticias-de-hidalgo\/2024\/01\/13\/compactadora-destrozo-automovil-de-enfermera\/\" target=\"_top\" rel=\"nofollow\"><span class=\"icon\"><\/span><span class=\"text\">Tweet<\/span><\/a><div class=\"onoffswitch2 mash-large mashsb-noshadow\" style=\"display:none\"><\/div><\/div>\n            <\/div>\n                <div style=\"clear:both\"><\/div><div class=\"mashsb-toggle-container\"><\/div><\/aside>\n            <!-- Share buttons by mashshare.net - Version: 4.0.47-->\n<p><em>Por Francisco Rosas\/Zunoticia<\/em><\/p>\n\n\n\n<p><strong>Huejutla, Hgo<\/strong>.- Una compactadora del departamento de Limpias del ayuntamiento local, impact\u00f3 y destroz\u00f3 un autom\u00f3vil a su paso por la calle Leandro Valle, de la colonia Ju\u00e1rez de esta ciudad<\/p>\n\n\n\n<p>El percance ocurri\u00f3 la noche del viernes y de acuerdo con la versi\u00f3n de la persona afectada, que es una enfermera, un cami\u00f3n recolector de la basura golpe\u00f3 en la parte lateral izquierda de un coche Ford K, de color gris y para evadir su responsabilidad el conductor se dio a la fuga.<\/p>\n\n\n\n<p>La unidad motora qued\u00f3 muy da\u00f1ada, ya que le arranc\u00f3 una puerta, por lo que los da\u00f1os materiales ascienden a varios miles de pesos.<\/p>\n\n\n\n<p>Al lugar de los hechos acudieron elementos de Seguridad P\u00fablica y Tr\u00e1nsito Municipal, para realizar el peritaje correspondiente y deslinde de responsabilidades.<\/p>\n\n\n\n<figure class=\"wp-block-gallery has-nested-images columns-default is-cropped wp-block-gallery-1 is-layout-flex wp-block-gallery-is-layout-flex\">\n<figure class=\"wp-block-image\"><img fetchpriority=\"high\" decoding=\"async\" width=\"1175\" height=\"731\" data-id=\"521995\" src=\"https:\/\/www.zunoticia.com\/noticias-de-hidalgo\/wp-content\/uploads\/2024\/01\/eZy_watermark_13-01-2024_11-21-01-1.jpg\" alt=\"\" class=\"wp-image-521995\"\/><\/figure>\n\n\n\n<figure class=\"wp-block-image\"><img decoding=\"async\" width=\"1193\" height=\"693\" data-id=\"521996\" src=\"https:\/\/www.zunoticia.com\/noticias-de-hidalgo\/wp-content\/uploads\/2024\/01\/eZy_watermark_13-01-2024_11-21-48-1.jpg\" alt=\"\" class=\"wp-image-521996\"\/><\/figure>\n<\/figure>\n","protected":false},"excerpt":{"rendered":"<p>Por Francisco Rosas\/Zunoticia Huejutla, Hgo.- Una compactadora del departamento de Limpias del ayuntamiento local, impact\u00f3 y destroz\u00f3 un autom\u00f3vil a su paso por la calle Leandro Valle, de la colonia Ju\u00e1rez de esta ciudad El percance ocurri\u00f3 la noche del viernes y de acuerdo con la versi\u00f3n de la persona afectada, que es una enfermera,&hellip; <a class=\"more-link\" href=\"https:\/\/www.zunoticia.com\/noticias-de-hidalgo\/2024\/01\/13\/compactadora-destrozo-automovil-de-enfermera\/\">Seguir leyendo <span class=\"screen-reader-text\">Compactadora destroz\u00f3 autom\u00f3vil de enfermera<\/span><\/a><\/p>\n","protected":false},"author":20,"featured_media":521992,"comment_status":"open","ping_status":"open","sticky":false,"template":"","format":"standard","meta":{"rop_custom_images_group":[],"rop_custom_messages_group":[],"rop_publish_now":"initial","rop_publish_now_accounts":{"facebook_10159540855086992_322828327761733":""},"rop_publish_now_history":[],"rop_publish_now_status":"pending","footnotes":""},"categories":[178],"tags":[259],"class_list":["post-521997","post","type-post","status-publish","format-standard","has-post-thumbnail","hentry","category-policiaca","tag-policiaca","entry"],"_links":{"self":[{"href":"https:\/\/www.zunoticia.com\/noticias-de-hidalgo\/wp-json\/wp\/v2\/posts\/521997","targetHints":{"allow":["GET"]}}],"collection":[{"href":"https:\/\/www.zunoticia.com\/noticias-de-hidalgo\/wp-json\/wp\/v2\/posts"}],"about":[{"href":"https:\/\/www.zunoticia.com\/noticias-de-hidalgo\/wp-json\/wp\/v2\/types\/post"}],"author":[{"embeddable":true,"href":"https:\/\/www.zunoticia.com\/noticias-de-hidalgo\/wp-json\/wp\/v2\/users\/20"}],"replies":[{"embeddable":true,"href":"https:\/\/www.zunoticia.com\/noticias-de-hidalgo\/wp-json\/wp\/v2\/comments?post=521997"}],"version-history":[{"count":1,"href":"https:\/\/www.zunoticia.com\/noticias-de-hidalgo\/wp-json\/wp\/v2\/posts\/521997\/revisions"}],"predecessor-version":[{"id":521998,"href":"https:\/\/www.zunoticia.com\/noticias-de-hidalgo\/wp-json\/wp\/v2\/posts\/521997\/revisions\/521998"}],"wp:featuredmedia":[{"embeddable":true,"href":"https:\/\/www.zunoticia.com\/noticias-de-hidalgo\/wp-json\/wp\/v2\/media\/521992"}],"wp:attachment":[{"href":"https:\/\/www.zunoticia.com\/noticias-de-hidalgo\/wp-json\/wp\/v2\/media?parent=521997"}],"wp:term":[{"taxonomy":"category","embeddable":true,"href":"https:\/\/www.zunoticia.com\/noticias-de-hidalgo\/wp-json\/wp\/v2\/categories?post=521997"},{"taxonomy":"post_tag","embeddable":true,"href":"https:\/\/www.zunoticia.com\/noticias-de-hidalgo\/wp-json\/wp\/v2\/tags?post=521997"}],"curies":[{"name":"wp","href":"https:\/\/api.w.org\/{rel}","templated":true}]}}