{"id":522007,"date":"2024-01-13T15:46:57","date_gmt":"2024-01-13T21:46:57","guid":{"rendered":"https:\/\/www.zunoticia.com\/noticias-de-hidalgo\/?p=522007"},"modified":"2024-01-13T15:46:59","modified_gmt":"2024-01-13T21:46:59","slug":"le-recuerdo-a-la-dirigencia-de-ucla-que-el-buen-juez-por-su-casa-empieza-prospero-hernandez","status":"publish","type":"post","link":"https:\/\/www.zunoticia.com\/noticias-de-hidalgo\/2024\/01\/13\/le-recuerdo-a-la-dirigencia-de-ucla-que-el-buen-juez-por-su-casa-empieza-prospero-hernandez\/","title":{"rendered":"Le recuerdo a la dirigencia de UCLA que &#8220;el buen juez por su casa empieza&#8221;: Pr\u00f3spero Hern\u00e1ndez"},"content":{"rendered":"<aside class=\"mashsb-container mashsb-main mashsb-stretched\"><div class=\"mashsb-box\"><div class=\"mashsb-count mash-large\" style=\"float:left\"><div class=\"counts mashsbcount\">16<\/div><span class=\"mashsb-sharetext\">SHARES<\/span><\/div><div class=\"mashsb-buttons\"><a class=\"mashicon-facebook mash-large mash-center mashsb-noshadow\" href=\"https:\/\/www.facebook.com\/sharer.php?u=https%3A%2F%2Fwww.zunoticia.com%2Fnoticias-de-hidalgo%2F2024%2F01%2F13%2Fle-recuerdo-a-la-dirigencia-de-ucla-que-el-buen-juez-por-su-casa-empieza-prospero-hernandez%2F\" target=\"_top\" rel=\"nofollow\"><span class=\"icon\"><\/span><span class=\"text\">Share<\/span><\/a><a class=\"mashicon-twitter mash-large mash-center mashsb-noshadow\" href=\"https:\/\/twitter.com\/intent\/tweet?text=&amp;url=https:\/\/www.zunoticia.com\/noticias-de-hidalgo\/2024\/01\/13\/le-recuerdo-a-la-dirigencia-de-ucla-que-el-buen-juez-por-su-casa-empieza-prospero-hernandez\/\" target=\"_top\" rel=\"nofollow\"><span class=\"icon\"><\/span><span class=\"text\">Tweet<\/span><\/a><div class=\"onoffswitch2 mash-large mashsb-noshadow\" style=\"display:none\"><\/div><\/div>\n            <\/div>\n                <div style=\"clear:both\"><\/div><div class=\"mashsb-toggle-container\"><\/div><\/aside>\n            <!-- Share buttons by mashshare.net - Version: 4.0.47-->\n<p><em>Por Salvador Altamirano\/Zunoticia<\/em><\/p>\n\n\n\n<p><strong>Huejutla, Hgo.-<\/strong> Entrevistado en torno a la marcha ciudadana que est\u00e1 convocando la dirigencia de la UCLA, para evitar que empresas de China se establezcan en la poblaci\u00f3n, seg\u00fan para defender &#8220;la soberan\u00eda del comercio local y regional&#8221;, Pr\u00f3spero Hern\u00e1ndez Hern\u00e1ndez, locatario afiliado a esa organizaci\u00f3n, les recuerda que &#8220;el buen juez por su casa empieza&#8221;.<\/p>\n\n\n\n<p>Si de independencia hablan -subray\u00f3-, que dejen a los locatarios del mercado municipal ser libres, pero nos tienen &#8220;oprimidos empleando la violencia&#8221;, ponen y quitan condicionales a su conveniencia, y todo para estar manipulando los recursos que por diversos conceptos internos percibe la organizaci\u00f3n, los cuales son cuantiosos.<\/p>\n\n\n\n<p>Agreg\u00f3 que, ese grupito violento ya tienes seis meses que tom\u00f3 por medio violento la oficina de la UCLA y no ha informado sobre los recursos, y amenazan con imponer un secretario general de car\u00e1cter c\u00f3mplice, de ellos mismos, no quieren que la elecci\u00f3n sea democr\u00e1tica, &#8220;soberana&#8221;, aplicando sus mismas palabras&#8221;, por lo que exhorta a las autoridades, estatal y municipal, que intervengan porque no se sabe -advirti\u00f3-, qu\u00e9 pueda suceder m\u00e1s adelante en el mercado municipal.<\/p>\n\n\n\n<p>Respecto al establecimiento de los comercios asi\u00e1ticos, coment\u00f3 que, los vendedores locales lo que deben hacer es competir en precios, \u201cque ya no den caro, por lo que no creo que los habitantes del pueblo y la regi\u00f3n los vayan apoyar sabiendo que con \u2018precios de usura\u2019 est\u00e1n perjudicando su econom\u00eda familiar\u201d.<\/p>\n\n\n\n<p>Para finalizar, Hern\u00e1ndez Hern\u00e1ndez enfatiz\u00f3 que, el dirigente de la UCLA siempre se ha puesto, con la complicidad de la pol\u00edtica, pero se supone que ahora las cosas est\u00e1n cambiando con los nuevos gobiernos y en el mercado no tiene que ser la excepci\u00f3n -puntualiz\u00f3-.<\/p>\n\n\n\n<p><\/p>\n\n\n\n<p><\/p>\n","protected":false},"excerpt":{"rendered":"<p>Por Salvador Altamirano\/Zunoticia Huejutla, Hgo.- Entrevistado en torno a la marcha ciudadana que est\u00e1 convocando la dirigencia de la UCLA, para evitar que empresas de China se establezcan en la poblaci\u00f3n, seg\u00fan para defender &#8220;la soberan\u00eda del comercio local y regional&#8221;, Pr\u00f3spero Hern\u00e1ndez Hern\u00e1ndez, locatario afiliado a esa organizaci\u00f3n, les recuerda que &#8220;el buen juez&hellip; <a class=\"more-link\" href=\"https:\/\/www.zunoticia.com\/noticias-de-hidalgo\/2024\/01\/13\/le-recuerdo-a-la-dirigencia-de-ucla-que-el-buen-juez-por-su-casa-empieza-prospero-hernandez\/\">Seguir leyendo <span class=\"screen-reader-text\">Le recuerdo a la dirigencia de UCLA que &#8220;el buen juez por su casa empieza&#8221;: Pr\u00f3spero Hern\u00e1ndez<\/span><\/a><\/p>\n","protected":false},"author":20,"featured_media":522008,"comment_status":"open","ping_status":"open","sticky":false,"template":"","format":"standard","meta":{"rop_custom_images_group":[],"rop_custom_messages_group":[],"rop_publish_now":"initial","rop_publish_now_accounts":{"facebook_10159540855086992_322828327761733":""},"rop_publish_now_history":[],"rop_publish_now_status":"pending","footnotes":""},"categories":[181],"tags":[121],"class_list":["post-522007","post","type-post","status-publish","format-standard","has-post-thumbnail","hentry","category-huejutla","tag-huejutla","entry"],"_links":{"self":[{"href":"https:\/\/www.zunoticia.com\/noticias-de-hidalgo\/wp-json\/wp\/v2\/posts\/522007","targetHints":{"allow":["GET"]}}],"collection":[{"href":"https:\/\/www.zunoticia.com\/noticias-de-hidalgo\/wp-json\/wp\/v2\/posts"}],"about":[{"href":"https:\/\/www.zunoticia.com\/noticias-de-hidalgo\/wp-json\/wp\/v2\/types\/post"}],"author":[{"embeddable":true,"href":"https:\/\/www.zunoticia.com\/noticias-de-hidalgo\/wp-json\/wp\/v2\/users\/20"}],"replies":[{"embeddable":true,"href":"https:\/\/www.zunoticia.com\/noticias-de-hidalgo\/wp-json\/wp\/v2\/comments?post=522007"}],"version-history":[{"count":1,"href":"https:\/\/www.zunoticia.com\/noticias-de-hidalgo\/wp-json\/wp\/v2\/posts\/522007\/revisions"}],"predecessor-version":[{"id":522009,"href":"https:\/\/www.zunoticia.com\/noticias-de-hidalgo\/wp-json\/wp\/v2\/posts\/522007\/revisions\/522009"}],"wp:featuredmedia":[{"embeddable":true,"href":"https:\/\/www.zunoticia.com\/noticias-de-hidalgo\/wp-json\/wp\/v2\/media\/522008"}],"wp:attachment":[{"href":"https:\/\/www.zunoticia.com\/noticias-de-hidalgo\/wp-json\/wp\/v2\/media?parent=522007"}],"wp:term":[{"taxonomy":"category","embeddable":true,"href":"https:\/\/www.zunoticia.com\/noticias-de-hidalgo\/wp-json\/wp\/v2\/categories?post=522007"},{"taxonomy":"post_tag","embeddable":true,"href":"https:\/\/www.zunoticia.com\/noticias-de-hidalgo\/wp-json\/wp\/v2\/tags?post=522007"}],"curies":[{"name":"wp","href":"https:\/\/api.w.org\/{rel}","templated":true}]}}