{"id":522021,"date":"2024-01-13T16:54:10","date_gmt":"2024-01-13T22:54:10","guid":{"rendered":"https:\/\/www.zunoticia.com\/noticias-de-hidalgo\/?p=522021"},"modified":"2024-01-13T16:54:11","modified_gmt":"2024-01-13T22:54:11","slug":"ciudadanos-anticipan-elogios-por-la-rehabilitacion-de-la-plaza-de-la-revolucion-mexicana","status":"publish","type":"post","link":"https:\/\/www.zunoticia.com\/noticias-de-hidalgo\/2024\/01\/13\/ciudadanos-anticipan-elogios-por-la-rehabilitacion-de-la-plaza-de-la-revolucion-mexicana\/","title":{"rendered":"Ciudadanos anticipan elogios por la rehabilitaci\u00f3n de la Plaza de la Revoluci\u00f3n Mexicana"},"content":{"rendered":"<aside class=\"mashsb-container mashsb-main mashsb-stretched\"><div class=\"mashsb-box\"><div class=\"mashsb-count mash-large\" style=\"float:left\"><div class=\"counts mashsbcount\">20<\/div><span class=\"mashsb-sharetext\">SHARES<\/span><\/div><div class=\"mashsb-buttons\"><a class=\"mashicon-facebook mash-large mash-center mashsb-noshadow\" href=\"https:\/\/www.facebook.com\/sharer.php?u=https%3A%2F%2Fwww.zunoticia.com%2Fnoticias-de-hidalgo%2F2024%2F01%2F13%2Fciudadanos-anticipan-elogios-por-la-rehabilitacion-de-la-plaza-de-la-revolucion-mexicana%2F\" target=\"_top\" rel=\"nofollow\"><span class=\"icon\"><\/span><span class=\"text\">Share<\/span><\/a><a class=\"mashicon-twitter mash-large mash-center mashsb-noshadow\" href=\"https:\/\/twitter.com\/intent\/tweet?text=&amp;url=https:\/\/www.zunoticia.com\/noticias-de-hidalgo\/2024\/01\/13\/ciudadanos-anticipan-elogios-por-la-rehabilitacion-de-la-plaza-de-la-revolucion-mexicana\/\" target=\"_top\" rel=\"nofollow\"><span class=\"icon\"><\/span><span class=\"text\">Tweet<\/span><\/a><div class=\"onoffswitch2 mash-large mashsb-noshadow\" style=\"display:none\"><\/div><\/div>\n            <\/div>\n                <div style=\"clear:both\"><\/div><div class=\"mashsb-toggle-container\"><\/div><\/aside>\n            <!-- Share buttons by mashshare.net - Version: 4.0.47-->\n<p><em>Por Salvador Altamirano\/Zunoticia<\/em><\/p>\n\n\n\n<p><strong>Huejutla, Hgo.-<\/strong> Considerando que Huejutla es sin\u00f3nimo de progreso, ya que es la poblaci\u00f3n m\u00e1s importante de la regi\u00f3n huasteca hidalguense, habitantes de la misma elogiaron con anticipaci\u00f3n el proyecto de rehabilitaci\u00f3n del piso de la Plaza de la Revoluci\u00f3n Mexicana, el cual es una disposici\u00f3n del presidente municipal, Daniel Andrade Zurutuza.<\/p>\n\n\n\n<p>Agregaron que, el Centro Hist\u00f3rico de Huejutla, integrado por dos plazas y un jard\u00edn central, est\u00e1 considerado como el m\u00e1s extenso de las poblaciones del Estado de Hidalgo, el cual integra construcciones hist\u00f3ricas que son \u00edconos, concretamente la iglesia y convento de San Agust\u00edn, as\u00ed como la torre del reloj p\u00fablico.<\/p>\n\n\n\n<p>Quien responde al nombre de Juan Hern\u00e1ndez Garc\u00eda, refiri\u00f3 que, en las entra\u00f1as de la Plaza de la Revoluci\u00f3n Mexicana, mejor conocida como plaza del reloj, ha habido acontecimientos transcendentales que han dado identidad y pertenencia a los huejutlenses.<\/p>\n\n\n\n<p>Agreg\u00f3 que, por tal motivo, se considera un gran acierto la determinaci\u00f3n del mandatario municipal de rehabilitarla, por cuya obra siempre ser\u00e1 recordado, sin importar que haya hecho mil m\u00e1s en la estructura urbana. Esa -acentu\u00f3-, ser\u00e1 clave.<\/p>\n\n\n\n<p>Para finalizar, coment\u00f3 que, ojal\u00e1 que ya rehabilitado el piso de la hist\u00f3rica plaza ya no se permita la ubicaci\u00f3n de comerciantes, que son quienes la han deteriorado al instalar sus puestos, incluso retirando mosaicos para cavar hoyos con la finalidad de colocar palos o p\u00e9rtigas.<\/p>\n\n\n\n<figure class=\"wp-block-image size-full\"><img fetchpriority=\"high\" decoding=\"async\" width=\"547\" height=\"403\" src=\"https:\/\/www.zunoticia.com\/noticias-de-hidalgo\/wp-content\/uploads\/2024\/01\/Diseno-sin-titulo-1.jpg\" alt=\"\" class=\"wp-image-522023\"\/><figcaption class=\"wp-element-caption\">Dise\u00f1o sin t\u00edtulo &#8211; 1<\/figcaption><\/figure>\n","protected":false},"excerpt":{"rendered":"<p>Por Salvador Altamirano\/Zunoticia Huejutla, Hgo.- Considerando que Huejutla es sin\u00f3nimo de progreso, ya que es la poblaci\u00f3n m\u00e1s importante de la regi\u00f3n huasteca hidalguense, habitantes de la misma elogiaron con anticipaci\u00f3n el proyecto de rehabilitaci\u00f3n del piso de la Plaza de la Revoluci\u00f3n Mexicana, el cual es una disposici\u00f3n del presidente municipal, Daniel Andrade Zurutuza.&hellip; <a class=\"more-link\" href=\"https:\/\/www.zunoticia.com\/noticias-de-hidalgo\/2024\/01\/13\/ciudadanos-anticipan-elogios-por-la-rehabilitacion-de-la-plaza-de-la-revolucion-mexicana\/\">Seguir leyendo <span class=\"screen-reader-text\">Ciudadanos anticipan elogios por la rehabilitaci\u00f3n de la Plaza de la Revoluci\u00f3n Mexicana<\/span><\/a><\/p>\n","protected":false},"author":20,"featured_media":522022,"comment_status":"open","ping_status":"open","sticky":false,"template":"","format":"standard","meta":{"rop_custom_images_group":[],"rop_custom_messages_group":[],"rop_publish_now":"initial","rop_publish_now_accounts":{"facebook_10159540855086992_322828327761733":""},"rop_publish_now_history":[],"rop_publish_now_status":"pending","footnotes":""},"categories":[181],"tags":[121],"class_list":["post-522021","post","type-post","status-publish","format-standard","has-post-thumbnail","hentry","category-huejutla","tag-huejutla","entry"],"_links":{"self":[{"href":"https:\/\/www.zunoticia.com\/noticias-de-hidalgo\/wp-json\/wp\/v2\/posts\/522021","targetHints":{"allow":["GET"]}}],"collection":[{"href":"https:\/\/www.zunoticia.com\/noticias-de-hidalgo\/wp-json\/wp\/v2\/posts"}],"about":[{"href":"https:\/\/www.zunoticia.com\/noticias-de-hidalgo\/wp-json\/wp\/v2\/types\/post"}],"author":[{"embeddable":true,"href":"https:\/\/www.zunoticia.com\/noticias-de-hidalgo\/wp-json\/wp\/v2\/users\/20"}],"replies":[{"embeddable":true,"href":"https:\/\/www.zunoticia.com\/noticias-de-hidalgo\/wp-json\/wp\/v2\/comments?post=522021"}],"version-history":[{"count":2,"href":"https:\/\/www.zunoticia.com\/noticias-de-hidalgo\/wp-json\/wp\/v2\/posts\/522021\/revisions"}],"predecessor-version":[{"id":522025,"href":"https:\/\/www.zunoticia.com\/noticias-de-hidalgo\/wp-json\/wp\/v2\/posts\/522021\/revisions\/522025"}],"wp:featuredmedia":[{"embeddable":true,"href":"https:\/\/www.zunoticia.com\/noticias-de-hidalgo\/wp-json\/wp\/v2\/media\/522022"}],"wp:attachment":[{"href":"https:\/\/www.zunoticia.com\/noticias-de-hidalgo\/wp-json\/wp\/v2\/media?parent=522021"}],"wp:term":[{"taxonomy":"category","embeddable":true,"href":"https:\/\/www.zunoticia.com\/noticias-de-hidalgo\/wp-json\/wp\/v2\/categories?post=522021"},{"taxonomy":"post_tag","embeddable":true,"href":"https:\/\/www.zunoticia.com\/noticias-de-hidalgo\/wp-json\/wp\/v2\/tags?post=522021"}],"curies":[{"name":"wp","href":"https:\/\/api.w.org\/{rel}","templated":true}]}}