{"id":522196,"date":"2024-01-15T14:48:11","date_gmt":"2024-01-15T20:48:11","guid":{"rendered":"https:\/\/www.zunoticia.com\/noticias-de-hidalgo\/?p=522196"},"modified":"2024-01-15T14:48:12","modified_gmt":"2024-01-15T20:48:12","slug":"continua-ciclo-de-cine-frances-en-centro-de-cultura-digital","status":"publish","type":"post","link":"https:\/\/www.zunoticia.com\/noticias-de-hidalgo\/2024\/01\/15\/continua-ciclo-de-cine-frances-en-centro-de-cultura-digital\/","title":{"rendered":"Contin\u00faa ciclo de cine franc\u00e9s en Centro de Cultura Digital"},"content":{"rendered":"<aside class=\"mashsb-container mashsb-main mashsb-stretched\"><div class=\"mashsb-box\"><div class=\"mashsb-count mash-large\" style=\"float:left\"><div class=\"counts mashsbcount\">2<\/div><span class=\"mashsb-sharetext\">SHARES<\/span><\/div><div class=\"mashsb-buttons\"><a class=\"mashicon-facebook mash-large mash-center mashsb-noshadow\" href=\"https:\/\/www.facebook.com\/sharer.php?u=https%3A%2F%2Fwww.zunoticia.com%2Fnoticias-de-hidalgo%2F2024%2F01%2F15%2Fcontinua-ciclo-de-cine-frances-en-centro-de-cultura-digital%2F\" target=\"_top\" rel=\"nofollow\"><span class=\"icon\"><\/span><span class=\"text\">Share<\/span><\/a><a class=\"mashicon-twitter mash-large mash-center mashsb-noshadow\" href=\"https:\/\/twitter.com\/intent\/tweet?text=&amp;url=https:\/\/www.zunoticia.com\/noticias-de-hidalgo\/2024\/01\/15\/continua-ciclo-de-cine-frances-en-centro-de-cultura-digital\/\" target=\"_top\" rel=\"nofollow\"><span class=\"icon\"><\/span><span class=\"text\">Tweet<\/span><\/a><div class=\"onoffswitch2 mash-large mashsb-noshadow\" style=\"display:none\"><\/div><\/div>\n            <\/div>\n                <div style=\"clear:both\"><\/div><div class=\"mashsb-toggle-container\"><\/div><\/aside>\n            <!-- Share buttons by mashshare.net - Version: 4.0.47-->\n<ul class=\"wp-block-list\">\n<li>Proyectar\u00e1 la pel\u00edcula La Haine (El Odio), dirigida por&nbsp;<a href=\"https:\/\/es.wikipedia.org\/wiki\/Mathieu_Kassovitz\">Mathieu Kassovitz<\/a>, el pr\u00f3ximo 20 de enero, a las 17:00 horas<\/li>\n<\/ul>\n\n\n\n<p><em>Por Redacci\u00f3n\/Zunoticia<\/em><\/p>\n\n\n\n<p><strong>Pachuca de Soto, Hgo. \u2013 <\/strong>El Centro de Cultura Digital dio a conocer que contin\u00faa con el Ciclo de Cine Franc\u00e9s e inicia 2024 con la proyecci\u00f3n gratuita de la pel\u00edcula <em>La Haine <\/em>(<em>El Odio<\/em>), dirigida por&nbsp;<a href=\"https:\/\/es.wikipedia.org\/wiki\/Mathieu_Kassovitz\">Mathieu Kassovitz<\/a>, el pr\u00f3ximo 20 de enero, a las 17:00 horas.&nbsp;<\/p>\n\n\n\n<p>La actividad de cine debate ser\u00e1 conducida por&nbsp;<a href=\"https:\/\/www.facebook.com\/romain.juvenel\">Romain Juvenel<\/a>, quien es profesor del <a href=\"https:\/\/www.facebook.com\/romainFle\">Institut Romain du FLE<\/a>&nbsp;(fran\u00e7ais langue \u00e9trang\u00e8re) en Pachuca de Soto y busca un intercambio cultural M\u00e9xico \u2013 Francia para compartir experiencias significativas, situaciones sociales de su pa\u00eds, c\u00f3mo es el modo de vida franc\u00e9s y qu\u00e9 retos han enfrentado.<\/p>\n\n\n\n<p>Las y los interesados en asistir deben registrarse en la liga <a href=\"https:\/\/docs.google.com\/forms\/d\/e\/1FAIpQLSe_PZDrGedZzhfI-pGkC0CK3LRaCNkI7PXKqAGumAcrvADK0Q\/viewform\">Reservaci\u00f3n CineDebate &#8220;El Odio&#8221; (Le haine), 20 de enero de 2024 (google.com)<\/a>; la proyecci\u00f3n se llevar\u00e1 a cabo en las instalaciones del recinto en Viaducto R\u00edo de las Avenidas, n\u00famero 200, en la colonia Periodistas de la capital hidalguense.<\/p>\n\n\n\n<p>La cinta estrenada en 1995 es un drama sobre tres amigos adolescentes y sus problem\u00e1ticas en los barrios bajos de Par\u00eds, tambi\u00e9n llamados&nbsp;<em>banlieues<\/em>, que retrata adem\u00e1s la rivalidad entre un pueblo inconforme y la polic\u00eda corrupta en una sociedad en decadencia donde:&nbsp;<em>\u201cEl odio inspira m\u00e1s odio\u201d<\/em>.&nbsp;<\/p>\n\n\n\n<p>El Centro de Cultura Digital es un espacio acondicionado para la promoci\u00f3n y el desarrollo de actividades culturales en el \u00e1mbito digital que tiene como objetivo fomentar la exploraci\u00f3n, la experimentaci\u00f3n y la innovaci\u00f3n en la convergencia entre cultura y tecnolog\u00eda.<\/p>\n\n\n\n<figure class=\"wp-block-image size-full\"><img fetchpriority=\"high\" decoding=\"async\" width=\"933\" height=\"524\" src=\"https:\/\/www.zunoticia.com\/noticias-de-hidalgo\/wp-content\/uploads\/2024\/01\/Zunoticia-Huejutla-1-4.png\" alt=\"\" class=\"wp-image-522198\"\/><\/figure>\n","protected":false},"excerpt":{"rendered":"<p>Por Redacci\u00f3n\/Zunoticia Pachuca de Soto, Hgo. \u2013 El Centro de Cultura Digital dio a conocer que contin\u00faa con el Ciclo de Cine Franc\u00e9s e inicia 2024 con la proyecci\u00f3n gratuita de la pel\u00edcula La Haine (El Odio), dirigida por&nbsp;Mathieu Kassovitz, el pr\u00f3ximo 20 de enero, a las 17:00 horas.&nbsp; La actividad de cine debate ser\u00e1&hellip; <a class=\"more-link\" href=\"https:\/\/www.zunoticia.com\/noticias-de-hidalgo\/2024\/01\/15\/continua-ciclo-de-cine-frances-en-centro-de-cultura-digital\/\">Seguir leyendo <span class=\"screen-reader-text\">Contin\u00faa ciclo de cine franc\u00e9s en Centro de Cultura Digital<\/span><\/a><\/p>\n","protected":false},"author":20,"featured_media":522197,"comment_status":"open","ping_status":"open","sticky":false,"template":"","format":"standard","meta":{"rop_custom_images_group":[],"rop_custom_messages_group":[],"rop_publish_now":"initial","rop_publish_now_accounts":{"facebook_10159540855086992_322828327761733":""},"rop_publish_now_history":[],"rop_publish_now_status":"pending","footnotes":""},"categories":[208],"tags":[214],"class_list":["post-522196","post","type-post","status-publish","format-standard","has-post-thumbnail","hentry","category-estado","tag-estado","entry"],"_links":{"self":[{"href":"https:\/\/www.zunoticia.com\/noticias-de-hidalgo\/wp-json\/wp\/v2\/posts\/522196","targetHints":{"allow":["GET"]}}],"collection":[{"href":"https:\/\/www.zunoticia.com\/noticias-de-hidalgo\/wp-json\/wp\/v2\/posts"}],"about":[{"href":"https:\/\/www.zunoticia.com\/noticias-de-hidalgo\/wp-json\/wp\/v2\/types\/post"}],"author":[{"embeddable":true,"href":"https:\/\/www.zunoticia.com\/noticias-de-hidalgo\/wp-json\/wp\/v2\/users\/20"}],"replies":[{"embeddable":true,"href":"https:\/\/www.zunoticia.com\/noticias-de-hidalgo\/wp-json\/wp\/v2\/comments?post=522196"}],"version-history":[{"count":1,"href":"https:\/\/www.zunoticia.com\/noticias-de-hidalgo\/wp-json\/wp\/v2\/posts\/522196\/revisions"}],"predecessor-version":[{"id":522199,"href":"https:\/\/www.zunoticia.com\/noticias-de-hidalgo\/wp-json\/wp\/v2\/posts\/522196\/revisions\/522199"}],"wp:featuredmedia":[{"embeddable":true,"href":"https:\/\/www.zunoticia.com\/noticias-de-hidalgo\/wp-json\/wp\/v2\/media\/522197"}],"wp:attachment":[{"href":"https:\/\/www.zunoticia.com\/noticias-de-hidalgo\/wp-json\/wp\/v2\/media?parent=522196"}],"wp:term":[{"taxonomy":"category","embeddable":true,"href":"https:\/\/www.zunoticia.com\/noticias-de-hidalgo\/wp-json\/wp\/v2\/categories?post=522196"},{"taxonomy":"post_tag","embeddable":true,"href":"https:\/\/www.zunoticia.com\/noticias-de-hidalgo\/wp-json\/wp\/v2\/tags?post=522196"}],"curies":[{"name":"wp","href":"https:\/\/api.w.org\/{rel}","templated":true}]}}