{"id":522217,"date":"2024-01-15T17:59:25","date_gmt":"2024-01-15T23:59:25","guid":{"rendered":"https:\/\/www.zunoticia.com\/noticias-de-hidalgo\/?p=522217"},"modified":"2024-01-15T17:59:26","modified_gmt":"2024-01-15T23:59:26","slug":"recomiendan-retomar-medidas-de-proteccion-contra-covid","status":"publish","type":"post","link":"https:\/\/www.zunoticia.com\/noticias-de-hidalgo\/2024\/01\/15\/recomiendan-retomar-medidas-de-proteccion-contra-covid\/","title":{"rendered":"Recomiendan retomar medidas de protecci\u00f3n contra Covid"},"content":{"rendered":"<aside class=\"mashsb-container mashsb-main mashsb-stretched\"><div class=\"mashsb-box\"><div class=\"mashsb-count mash-large\" style=\"float:left\"><div class=\"counts mashsbcount\">30<\/div><span class=\"mashsb-sharetext\">SHARES<\/span><\/div><div class=\"mashsb-buttons\"><a class=\"mashicon-facebook mash-large mash-center mashsb-noshadow\" href=\"https:\/\/www.facebook.com\/sharer.php?u=https%3A%2F%2Fwww.zunoticia.com%2Fnoticias-de-hidalgo%2F2024%2F01%2F15%2Frecomiendan-retomar-medidas-de-proteccion-contra-covid%2F\" target=\"_top\" rel=\"nofollow\"><span class=\"icon\"><\/span><span class=\"text\">Share<\/span><\/a><a class=\"mashicon-twitter mash-large mash-center mashsb-noshadow\" href=\"https:\/\/twitter.com\/intent\/tweet?text=&amp;url=https:\/\/www.zunoticia.com\/noticias-de-hidalgo\/2024\/01\/15\/recomiendan-retomar-medidas-de-proteccion-contra-covid\/\" target=\"_top\" rel=\"nofollow\"><span class=\"icon\"><\/span><span class=\"text\">Tweet<\/span><\/a><div class=\"onoffswitch2 mash-large mashsb-noshadow\" style=\"display:none\"><\/div><\/div>\n            <\/div>\n                <div style=\"clear:both\"><\/div><div class=\"mashsb-toggle-container\"><\/div><\/aside>\n            <!-- Share buttons by mashshare.net - Version: 4.0.47-->\n<p><em>Por \u00c1ngel Silverio\/Zunoticia<\/em><\/p>\n\n\n\n<p><strong>Jaltoc\u00e1n, Hgo.-<\/strong>&nbsp; Ante la noticia del repunte de casos de Covid en el pa\u00eds y debido a que esta enfermedad cobr\u00f3 muchas vidas en este municipio, el departamento de Protecci\u00f3n Civil, hizo un llamado a la ciudadan\u00eda a retomar las medidas de prevenci\u00f3n contra esta enfermedad.<\/p>\n\n\n\n<p>De acuerdo con lo informado por el director de la citada dependencia, V\u00edctor Hern\u00e1ndez, a ra\u00edz de la noticia nacional, donde se informa acerca del brote de Covid en varias partes del pa\u00eds, es necesario que en el municipio no se tome a la ligera, pues record\u00f3 que esta enfermedad cobr\u00f3 vidas en Jaltoc\u00e1n, y a pesar de que la mayor\u00eda de la poblaci\u00f3n est\u00e1 vacunada, no es por dem\u00e1s tomar acciones.<\/p>\n\n\n\n<p>&nbsp;\u201cEs mejor la prevenci\u00f3n, por eso les hacemos la invitaci\u00f3n, el llamado a que no bajemos la guardia, que mejor tomemos las medidas como el uso de cubrebocas en lugares cerrados, como el transporte p\u00fablico, lugares donde haya demasiada aglomeraci\u00f3n, en los mercados o si salimos a otros municipios hacer uso del gel antibacterial, lavado de manos constante y no saludar de beso ni de mano\u201d indic\u00f3.<\/p>\n\n\n\n<p>Agreg\u00f3 que, es necesario que la ciudadan\u00eda se proteja, para no volver a padecer de esta pandemia, -\u201cYa est\u00e1 en cada uno el cuidarse y adem\u00e1s nos sirve como protecci\u00f3n de otras enfermedades, la prevenci\u00f3n es la mejor protecci\u00f3n\u201d.<\/p>\n","protected":false},"excerpt":{"rendered":"<p>Por \u00c1ngel Silverio\/Zunoticia Jaltoc\u00e1n, Hgo.-&nbsp; Ante la noticia del repunte de casos de Covid en el pa\u00eds y debido a que esta enfermedad cobr\u00f3 muchas vidas en este municipio, el departamento de Protecci\u00f3n Civil, hizo un llamado a la ciudadan\u00eda a retomar las medidas de prevenci\u00f3n contra esta enfermedad. De acuerdo con lo informado por&hellip; <a class=\"more-link\" href=\"https:\/\/www.zunoticia.com\/noticias-de-hidalgo\/2024\/01\/15\/recomiendan-retomar-medidas-de-proteccion-contra-covid\/\">Seguir leyendo <span class=\"screen-reader-text\">Recomiendan retomar medidas de protecci\u00f3n contra Covid<\/span><\/a><\/p>\n","protected":false},"author":20,"featured_media":522218,"comment_status":"open","ping_status":"open","sticky":false,"template":"","format":"standard","meta":{"rop_custom_images_group":[],"rop_custom_messages_group":[],"rop_publish_now":"initial","rop_publish_now_accounts":{"facebook_10159540855086992_322828327761733":""},"rop_publish_now_history":[],"rop_publish_now_status":"pending","footnotes":""},"categories":[179,200],"tags":[229,131],"class_list":["post-522217","post","type-post","status-publish","format-standard","has-post-thumbnail","hentry","category-huasteca","category-jaltocan","tag-huasteca","tag-jaltocan","entry"],"_links":{"self":[{"href":"https:\/\/www.zunoticia.com\/noticias-de-hidalgo\/wp-json\/wp\/v2\/posts\/522217","targetHints":{"allow":["GET"]}}],"collection":[{"href":"https:\/\/www.zunoticia.com\/noticias-de-hidalgo\/wp-json\/wp\/v2\/posts"}],"about":[{"href":"https:\/\/www.zunoticia.com\/noticias-de-hidalgo\/wp-json\/wp\/v2\/types\/post"}],"author":[{"embeddable":true,"href":"https:\/\/www.zunoticia.com\/noticias-de-hidalgo\/wp-json\/wp\/v2\/users\/20"}],"replies":[{"embeddable":true,"href":"https:\/\/www.zunoticia.com\/noticias-de-hidalgo\/wp-json\/wp\/v2\/comments?post=522217"}],"version-history":[{"count":1,"href":"https:\/\/www.zunoticia.com\/noticias-de-hidalgo\/wp-json\/wp\/v2\/posts\/522217\/revisions"}],"predecessor-version":[{"id":522219,"href":"https:\/\/www.zunoticia.com\/noticias-de-hidalgo\/wp-json\/wp\/v2\/posts\/522217\/revisions\/522219"}],"wp:featuredmedia":[{"embeddable":true,"href":"https:\/\/www.zunoticia.com\/noticias-de-hidalgo\/wp-json\/wp\/v2\/media\/522218"}],"wp:attachment":[{"href":"https:\/\/www.zunoticia.com\/noticias-de-hidalgo\/wp-json\/wp\/v2\/media?parent=522217"}],"wp:term":[{"taxonomy":"category","embeddable":true,"href":"https:\/\/www.zunoticia.com\/noticias-de-hidalgo\/wp-json\/wp\/v2\/categories?post=522217"},{"taxonomy":"post_tag","embeddable":true,"href":"https:\/\/www.zunoticia.com\/noticias-de-hidalgo\/wp-json\/wp\/v2\/tags?post=522217"}],"curies":[{"name":"wp","href":"https:\/\/api.w.org\/{rel}","templated":true}]}}