{"id":522559,"date":"2024-01-17T18:15:43","date_gmt":"2024-01-18T00:15:43","guid":{"rendered":"https:\/\/www.zunoticia.com\/noticias-de-hidalgo\/?p=522559"},"modified":"2024-01-17T18:15:45","modified_gmt":"2024-01-18T00:15:45","slug":"padres-de-familia-bloquearon-carretera-por-falta-de-atencion-a-sus-necesidades","status":"publish","type":"post","link":"https:\/\/www.zunoticia.com\/noticias-de-hidalgo\/2024\/01\/17\/padres-de-familia-bloquearon-carretera-por-falta-de-atencion-a-sus-necesidades\/","title":{"rendered":"Padres de familia bloquearon carretera por falta de atenci\u00f3n a sus necesidades"},"content":{"rendered":"<aside class=\"mashsb-container mashsb-main mashsb-stretched\"><div class=\"mashsb-box\"><div class=\"mashsb-count mash-large\" style=\"float:left\"><div class=\"counts mashsbcount\">6<\/div><span class=\"mashsb-sharetext\">SHARES<\/span><\/div><div class=\"mashsb-buttons\"><a class=\"mashicon-facebook mash-large mash-center mashsb-noshadow\" href=\"https:\/\/www.facebook.com\/sharer.php?u=https%3A%2F%2Fwww.zunoticia.com%2Fnoticias-de-hidalgo%2F2024%2F01%2F17%2Fpadres-de-familia-bloquearon-carretera-por-falta-de-atencion-a-sus-necesidades%2F\" target=\"_top\" rel=\"nofollow\"><span class=\"icon\"><\/span><span class=\"text\">Share<\/span><\/a><a class=\"mashicon-twitter mash-large mash-center mashsb-noshadow\" href=\"https:\/\/twitter.com\/intent\/tweet?text=&amp;url=https:\/\/www.zunoticia.com\/noticias-de-hidalgo\/2024\/01\/17\/padres-de-familia-bloquearon-carretera-por-falta-de-atencion-a-sus-necesidades\/\" target=\"_top\" rel=\"nofollow\"><span class=\"icon\"><\/span><span class=\"text\">Tweet<\/span><\/a><div class=\"onoffswitch2 mash-large mashsb-noshadow\" style=\"display:none\"><\/div><\/div>\n            <\/div>\n                <div style=\"clear:both\"><\/div><div class=\"mashsb-toggle-container\"><\/div><\/aside>\n            <!-- Share buttons by mashshare.net - Version: 4.0.47-->\n<p><em>Por \u00c1ngel Silverio \/Zunoticia &nbsp;&nbsp;&nbsp;&nbsp;&nbsp;&nbsp;&nbsp;<\/em><\/p>\n\n\n\n<p><strong>San Felipe Orizatl\u00e1n, Hgo.<\/strong> &#8211; Luego de que no tuvieran respuesta por parte de las autoridades encargadas de los programas federales, La Escuela es Nuestra, padres de familia de la Escuela Primaria \u201cJos\u00e9 \u00c1ngeles Monta\u00f1o\u201d, desde muy temprana hora decidieron realizar el bloqueo de las v\u00edas de comunicaci\u00f3n con el fin de presionar y poder as\u00ed resolver esta situaci\u00f3n que lleva m\u00e1s de dos a\u00f1os, sin que les llegue el recurso de dicho programa y que mantiene en p\u00e9simas condiciones a la instituci\u00f3n.<\/p>\n\n\n\n<p>Tal como se inform\u00f3 de manera oportuna, los inconformes indicaron que esta situaci\u00f3n se deriva debido a que llevan m\u00e1s de dos a\u00f1os inscritos en el programa la Escuela es Nuestra, sin embargo, hasta este tiempo no han recibido un s\u00f3lo peso para las mejoras de la instituci\u00f3n, la cual se encuentra completamente abandonada pues no cuenta ni con ba\u00f1os salubres para los peque\u00f1os que ah\u00ed estudian, y las instancias encargadas de dicho programa s\u00f3lo les han dado largas, por lo que no se han podido mejorar las condiciones de la instituci\u00f3n.<\/p>\n\n\n\n<p>Ante dicha situaci\u00f3n, los padres de familia decidieron retener dentro de la instituci\u00f3n en menci\u00f3n a los docentes, para poder as\u00ed tomar medidas y ejercer presi\u00f3n para que esta situaci\u00f3n se les resuelva, debido a que el pasado 16 de enero no se les dio ninguna respuesta, este mi\u00e9rcoles decidieron bloquear las v\u00edas carreteras para que las autoridades los volteen a ver y los atiendan, s\u00f3lo as\u00ed fue como lograron llegar a acuerdos.<\/p>\n\n\n\n<p>Al filo de las 14:00 horas con 40 minutos, al lugar lleg\u00f3 la alcaldesa Erika Saab Lara, acompa\u00f1ada del secretario de Gobernaci\u00f3n Marco Antonio Moguel y el encargado de los programas federales en la regi\u00f3n GelasioVelazques; este \u00faltimo, luego de varios minutos les explic\u00f3 la situaci\u00f3n en la que se encuentra la instituci\u00f3n, debido a la validaci\u00f3n de los documentos del comit\u00e9 de&nbsp; este programa, que se ha actuado de manera transparente y honesta, ya que dicho recurso se entrega de manera directa, y todo caso ser\u00eda un tema de la tesorer\u00eda de la Federaci\u00f3n.<\/p>\n\n\n\n<p>Tras varias aclaraciones, padres de familia y las autoridades acordaron darle puntual seguimiento a dicha situaci\u00f3n y se aclare desde la Federaci\u00f3n, pues no es competencia de la delegaci\u00f3n estatal de los programas del bienestar; sin embargo, se comprometieron a darle acompa\u00f1amiento para que este recurso del programa, pueda llegar en tiempo y forma a la instituci\u00f3n y se hagan las mejoras que la instituci\u00f3n necesita.<\/p>\n\n\n\n<p>Posterior al di\u00e1logo, tras llegar a buenos t\u00e9rminos y fijar plazos para darles una soluci\u00f3n definitiva, se logr\u00f3 destrabar el conflicto, posteriormente pasaron a firmar actas donde se comprometen a estar al pendiente y darle la atenci\u00f3n necesaria a esta situaci\u00f3n; minutos m\u00e1s tarde la circulaci\u00f3n fue abierta, luego de varias horas bloqueadas las v\u00edas de comunicaci\u00f3n.<\/p>\n\n\n\n<figure class=\"wp-block-gallery has-nested-images columns-default is-cropped wp-block-gallery-1 is-layout-flex wp-block-gallery-is-layout-flex\">\n<figure class=\"wp-block-image size-large\"><img fetchpriority=\"high\" decoding=\"async\" width=\"933\" height=\"524\" data-id=\"522562\" src=\"https:\/\/www.zunoticia.com\/noticias-de-hidalgo\/wp-content\/uploads\/2024\/01\/Zunoticia-Huejutla-3-3.png\" alt=\"\" class=\"wp-image-522562\"\/><\/figure>\n\n\n\n<figure class=\"wp-block-image size-large\"><img decoding=\"async\" width=\"933\" height=\"524\" data-id=\"522563\" src=\"https:\/\/www.zunoticia.com\/noticias-de-hidalgo\/wp-content\/uploads\/2024\/01\/Zunoticia-Huejutla-2-12.png\" alt=\"\" class=\"wp-image-522563\"\/><\/figure>\n\n\n\n<figure class=\"wp-block-image size-large\"><img decoding=\"async\" width=\"933\" height=\"524\" data-id=\"522561\" src=\"https:\/\/www.zunoticia.com\/noticias-de-hidalgo\/wp-content\/uploads\/2024\/01\/Zunoticia-Huejutla-1-40.png\" alt=\"\" class=\"wp-image-522561\"\/><\/figure>\n<\/figure>\n","protected":false},"excerpt":{"rendered":"<p>Por \u00c1ngel Silverio \/Zunoticia &nbsp;&nbsp;&nbsp;&nbsp;&nbsp;&nbsp;&nbsp; San Felipe Orizatl\u00e1n, Hgo. &#8211; Luego de que no tuvieran respuesta por parte de las autoridades encargadas de los programas federales, La Escuela es Nuestra, padres de familia de la Escuela Primaria \u201cJos\u00e9 \u00c1ngeles Monta\u00f1o\u201d, desde muy temprana hora decidieron realizar el bloqueo de las v\u00edas de comunicaci\u00f3n con el&hellip; <a class=\"more-link\" href=\"https:\/\/www.zunoticia.com\/noticias-de-hidalgo\/2024\/01\/17\/padres-de-familia-bloquearon-carretera-por-falta-de-atencion-a-sus-necesidades\/\">Seguir leyendo <span class=\"screen-reader-text\">Padres de familia bloquearon carretera por falta de atenci\u00f3n a sus necesidades<\/span><\/a><\/p>\n","protected":false},"author":20,"featured_media":522560,"comment_status":"open","ping_status":"open","sticky":false,"template":"","format":"standard","meta":{"rop_custom_images_group":[],"rop_custom_messages_group":[],"rop_publish_now":"initial","rop_publish_now_accounts":{"facebook_10159540855086992_322828327761733":""},"rop_publish_now_history":[],"rop_publish_now_status":"pending","footnotes":""},"categories":[179,180],"tags":[229,129],"class_list":["post-522559","post","type-post","status-publish","format-standard","has-post-thumbnail","hentry","category-huasteca","category-orizatlan","tag-huasteca","tag-orizatlan","entry"],"_links":{"self":[{"href":"https:\/\/www.zunoticia.com\/noticias-de-hidalgo\/wp-json\/wp\/v2\/posts\/522559","targetHints":{"allow":["GET"]}}],"collection":[{"href":"https:\/\/www.zunoticia.com\/noticias-de-hidalgo\/wp-json\/wp\/v2\/posts"}],"about":[{"href":"https:\/\/www.zunoticia.com\/noticias-de-hidalgo\/wp-json\/wp\/v2\/types\/post"}],"author":[{"embeddable":true,"href":"https:\/\/www.zunoticia.com\/noticias-de-hidalgo\/wp-json\/wp\/v2\/users\/20"}],"replies":[{"embeddable":true,"href":"https:\/\/www.zunoticia.com\/noticias-de-hidalgo\/wp-json\/wp\/v2\/comments?post=522559"}],"version-history":[{"count":1,"href":"https:\/\/www.zunoticia.com\/noticias-de-hidalgo\/wp-json\/wp\/v2\/posts\/522559\/revisions"}],"predecessor-version":[{"id":522564,"href":"https:\/\/www.zunoticia.com\/noticias-de-hidalgo\/wp-json\/wp\/v2\/posts\/522559\/revisions\/522564"}],"wp:featuredmedia":[{"embeddable":true,"href":"https:\/\/www.zunoticia.com\/noticias-de-hidalgo\/wp-json\/wp\/v2\/media\/522560"}],"wp:attachment":[{"href":"https:\/\/www.zunoticia.com\/noticias-de-hidalgo\/wp-json\/wp\/v2\/media?parent=522559"}],"wp:term":[{"taxonomy":"category","embeddable":true,"href":"https:\/\/www.zunoticia.com\/noticias-de-hidalgo\/wp-json\/wp\/v2\/categories?post=522559"},{"taxonomy":"post_tag","embeddable":true,"href":"https:\/\/www.zunoticia.com\/noticias-de-hidalgo\/wp-json\/wp\/v2\/tags?post=522559"}],"curies":[{"name":"wp","href":"https:\/\/api.w.org\/{rel}","templated":true}]}}