{"id":522565,"date":"2024-01-17T18:25:45","date_gmt":"2024-01-18T00:25:45","guid":{"rendered":"https:\/\/www.zunoticia.com\/noticias-de-hidalgo\/?p=522565"},"modified":"2024-01-17T18:25:46","modified_gmt":"2024-01-18T00:25:46","slug":"instalo-p-c-dos-albergues-temporales-por-frios","status":"publish","type":"post","link":"https:\/\/www.zunoticia.com\/noticias-de-hidalgo\/2024\/01\/17\/instalo-p-c-dos-albergues-temporales-por-frios\/","title":{"rendered":"Instal\u00f3 P.C. dos albergues temporales por fr\u00edos"},"content":{"rendered":"<aside class=\"mashsb-container mashsb-main mashsb-stretched\"><div class=\"mashsb-box\"><div class=\"mashsb-count mash-large\" style=\"float:left\"><div class=\"counts mashsbcount\">17<\/div><span class=\"mashsb-sharetext\">SHARES<\/span><\/div><div class=\"mashsb-buttons\"><a class=\"mashicon-facebook mash-large mash-center mashsb-noshadow\" href=\"https:\/\/www.facebook.com\/sharer.php?u=https%3A%2F%2Fwww.zunoticia.com%2Fnoticias-de-hidalgo%2F2024%2F01%2F17%2Finstalo-p-c-dos-albergues-temporales-por-frios%2F\" target=\"_top\" rel=\"nofollow\"><span class=\"icon\"><\/span><span class=\"text\">Share<\/span><\/a><a class=\"mashicon-twitter mash-large mash-center mashsb-noshadow\" href=\"https:\/\/twitter.com\/intent\/tweet?text=&amp;url=https:\/\/www.zunoticia.com\/noticias-de-hidalgo\/2024\/01\/17\/instalo-p-c-dos-albergues-temporales-por-frios\/\" target=\"_top\" rel=\"nofollow\"><span class=\"icon\"><\/span><span class=\"text\">Tweet<\/span><\/a><div class=\"onoffswitch2 mash-large mashsb-noshadow\" style=\"display:none\"><\/div><\/div>\n            <\/div>\n                <div style=\"clear:both\"><\/div><div class=\"mashsb-toggle-container\"><\/div><\/aside>\n            <!-- Share buttons by mashshare.net - Version: 4.0.47-->\n<p><em>Por Roberto Meza Ram\u00edrez\/Zunoticia<\/em><\/p>\n\n\n\n<p><strong>Yahualica, Hgo.<\/strong> &#8211; El director de Protecci\u00f3n Civil (P.C.) municipal Celestino Lara Esteban, dijo que, por los intensos fr\u00edos que se registran en este punto de la huasteca, se instalaron varios albergues temporales para que los sectores m\u00e1s vulnerables puedan acudir a se les brinden los servicios.<\/p>\n\n\n\n<p>En este municipio las bajas temperaturas se hicieron sentir, por eso el gobierno municipal que encabeza el Licenciado Sen\u00f3n Navarro Morales, en coordinaci\u00f3n con el DIF Municipal Yahualica, la direcci\u00f3n Administrativa y Protecci\u00f3n Civil Municipal, habilitaron la tarde de este mi\u00e9rcoles los primeros refugios temporales para resguardo de las personas que lo necesiten.<\/p>\n\n\n\n<p>La ubicaci\u00f3n es en la Escuela Primaria &#8220;Justo Sierra&#8221;, de la localidad de Hueyactel; as\u00ed mismo en la comunidad de Atlalco, en estos refugios se cuenta con personal operativo para dar servicio y atenci\u00f3n a emergencias las 24 horas, por lo que personal de Protecci\u00f3n Civil municipal pone a disposici\u00f3n los n\u00fameros telef\u00f3nicos 771 115 4575 o al 81 1030 5834.<\/p>\n\n\n\n<p><\/p>\n","protected":false},"excerpt":{"rendered":"<p>Por Roberto Meza Ram\u00edrez\/Zunoticia Yahualica, Hgo. &#8211; El director de Protecci\u00f3n Civil (P.C.) municipal Celestino Lara Esteban, dijo que, por los intensos fr\u00edos que se registran en este punto de la huasteca, se instalaron varios albergues temporales para que los sectores m\u00e1s vulnerables puedan acudir a se les brinden los servicios. En este municipio las&hellip; <a class=\"more-link\" href=\"https:\/\/www.zunoticia.com\/noticias-de-hidalgo\/2024\/01\/17\/instalo-p-c-dos-albergues-temporales-por-frios\/\">Seguir leyendo <span class=\"screen-reader-text\">Instal\u00f3 P.C. dos albergues temporales por fr\u00edos<\/span><\/a><\/p>\n","protected":false},"author":20,"featured_media":522566,"comment_status":"open","ping_status":"open","sticky":false,"template":"","format":"standard","meta":{"rop_custom_images_group":[],"rop_custom_messages_group":[],"rop_publish_now":"initial","rop_publish_now_accounts":{"facebook_10159540855086992_322828327761733":""},"rop_publish_now_history":[],"rop_publish_now_status":"pending","footnotes":""},"categories":[179,203],"tags":[229,123],"class_list":["post-522565","post","type-post","status-publish","format-standard","has-post-thumbnail","hentry","category-huasteca","category-yahualica","tag-huasteca","tag-yahualica","entry"],"_links":{"self":[{"href":"https:\/\/www.zunoticia.com\/noticias-de-hidalgo\/wp-json\/wp\/v2\/posts\/522565","targetHints":{"allow":["GET"]}}],"collection":[{"href":"https:\/\/www.zunoticia.com\/noticias-de-hidalgo\/wp-json\/wp\/v2\/posts"}],"about":[{"href":"https:\/\/www.zunoticia.com\/noticias-de-hidalgo\/wp-json\/wp\/v2\/types\/post"}],"author":[{"embeddable":true,"href":"https:\/\/www.zunoticia.com\/noticias-de-hidalgo\/wp-json\/wp\/v2\/users\/20"}],"replies":[{"embeddable":true,"href":"https:\/\/www.zunoticia.com\/noticias-de-hidalgo\/wp-json\/wp\/v2\/comments?post=522565"}],"version-history":[{"count":1,"href":"https:\/\/www.zunoticia.com\/noticias-de-hidalgo\/wp-json\/wp\/v2\/posts\/522565\/revisions"}],"predecessor-version":[{"id":522567,"href":"https:\/\/www.zunoticia.com\/noticias-de-hidalgo\/wp-json\/wp\/v2\/posts\/522565\/revisions\/522567"}],"wp:featuredmedia":[{"embeddable":true,"href":"https:\/\/www.zunoticia.com\/noticias-de-hidalgo\/wp-json\/wp\/v2\/media\/522566"}],"wp:attachment":[{"href":"https:\/\/www.zunoticia.com\/noticias-de-hidalgo\/wp-json\/wp\/v2\/media?parent=522565"}],"wp:term":[{"taxonomy":"category","embeddable":true,"href":"https:\/\/www.zunoticia.com\/noticias-de-hidalgo\/wp-json\/wp\/v2\/categories?post=522565"},{"taxonomy":"post_tag","embeddable":true,"href":"https:\/\/www.zunoticia.com\/noticias-de-hidalgo\/wp-json\/wp\/v2\/tags?post=522565"}],"curies":[{"name":"wp","href":"https:\/\/api.w.org\/{rel}","templated":true}]}}