{"id":522568,"date":"2024-01-17T18:33:41","date_gmt":"2024-01-18T00:33:41","guid":{"rendered":"https:\/\/www.zunoticia.com\/noticias-de-hidalgo\/?p=522568"},"modified":"2024-01-17T18:33:42","modified_gmt":"2024-01-18T00:33:42","slug":"huejutla-preparado-para-el-gran-festejo-del-carnaval-alcalde","status":"publish","type":"post","link":"https:\/\/www.zunoticia.com\/noticias-de-hidalgo\/2024\/01\/17\/huejutla-preparado-para-el-gran-festejo-del-carnaval-alcalde\/","title":{"rendered":"Huejutla preparado para el gran festejo del Carnaval: alcalde"},"content":{"rendered":"<aside class=\"mashsb-container mashsb-main mashsb-stretched\"><div class=\"mashsb-box\"><div class=\"mashsb-count mash-large\" style=\"float:left\"><div class=\"counts mashsbcount\">58<\/div><span class=\"mashsb-sharetext\">SHARES<\/span><\/div><div class=\"mashsb-buttons\"><a class=\"mashicon-facebook mash-large mash-center mashsb-noshadow\" href=\"https:\/\/www.facebook.com\/sharer.php?u=https%3A%2F%2Fwww.zunoticia.com%2Fnoticias-de-hidalgo%2F2024%2F01%2F17%2Fhuejutla-preparado-para-el-gran-festejo-del-carnaval-alcalde%2F\" target=\"_top\" rel=\"nofollow\"><span class=\"icon\"><\/span><span class=\"text\">Share<\/span><\/a><a class=\"mashicon-twitter mash-large mash-center mashsb-noshadow\" href=\"https:\/\/twitter.com\/intent\/tweet?text=&amp;url=https:\/\/www.zunoticia.com\/noticias-de-hidalgo\/2024\/01\/17\/huejutla-preparado-para-el-gran-festejo-del-carnaval-alcalde\/\" target=\"_top\" rel=\"nofollow\"><span class=\"icon\"><\/span><span class=\"text\">Tweet<\/span><\/a><div class=\"onoffswitch2 mash-large mashsb-noshadow\" style=\"display:none\"><\/div><\/div>\n            <\/div>\n                <div style=\"clear:both\"><\/div><div class=\"mashsb-toggle-container\"><\/div><\/aside>\n            <!-- Share buttons by mashshare.net - Version: 4.0.47-->\n<p><em>Por Enedino Hern\u00e1ndez\/Zunoticia<\/em><\/p>\n\n\n\n<p><strong>Huejutla, Hgo.-<\/strong> El alcalde de Huejutla de Reyes, Daniel Andrade Zurutuza, confirma que ya est\u00e1 debidamente preparado el gran festejo del Carnaval Huejutla 2024, el cual se desarrollar\u00e1 durante los d\u00edas 12 y 13 de febrero.<\/p>\n\n\n\n<p>\u201cA cuatro semanas del evento ya tuvimos una reuni\u00f3n con todo el equipo, parece que en Huejutla las actividades no se agotan o no se acaban; se viene saliendo de la Feria de Nochebuena y estamos preparando ya lo del Carnaval\u201d.<\/p>\n\n\n\n<p>Dijo que, con toda oportunidad se invita a las instituciones educativas, colonias y comunidades para que se sumen a las actividades \u201cen esta ocasi\u00f3n se tendr\u00e1 un incentivo para todas las colonias, instituciones educativas y comunidades que se quieren inscribir y de esta manera poder motivarlos\u201d.<\/p>\n\n\n\n<p>A\u00f1adi\u00f3 que, en esta ocasi\u00f3n las premiaciones son atractivas para preservar y conservar estas costumbres, sobre todo que la inversi\u00f3n de lo que generalmente se hace en los carros aleg\u00f3ricos y quienes hagan un gran esfuerzo, puedan tener una retribuci\u00f3n en base a ello.<\/p>\n\n\n\n<p>Confirm\u00f3 que, tambi\u00e9n se tendr\u00e1 lo que ya se ha hecho en los \u00faltimos eventos, que es la caracterizaci\u00f3n o amenizaci\u00f3n de este tipo de eventos culturales, \u201cpara que al final de los mismos exista un motivo que nos ayude a generar la derrama econ\u00f3mica que tanto \u00e9xito le ha dado a esta administraci\u00f3n, preservando lo cultural que no pierde la vista el poder atraer bajo otro esquema el turismo y que nos ayude a enarbolar este tipo de festividades\u201d.<\/p>\n\n\n\n<p>Adelant\u00f3 que, durante las fiestas del Carnaval se tendr\u00e1 la presencia de los Cardenales de Nuevo Le\u00f3n para darle una gran amenizaci\u00f3n la noche del martes 13 de febrero; adem\u00e1s, se est\u00e1 en la confirmaci\u00f3n de una estrella nacional e internacional del ramo de la actuaci\u00f3n para que venga y sea la Reina en este a\u00f1o, con lo cual se conservar\u00e1 el tema cultural del Carnaval.<\/p>\n\n\n\n<p>Concluy\u00f3 que, el Carnaval Huejutla 2024 se realizar\u00e1 los d\u00edas lunes 12 y martes 13 de febrero \u201cque son los que realmente para nosotros significa el Carnaval en esta zona de Hidalgo\u201d, por lo que invita a los huejutlenses para que se preparen y participen en esta gran celebraci\u00f3n del Carnaval Huejutla 2024.<\/p>\n\n\n\n<p><\/p>\n","protected":false},"excerpt":{"rendered":"<p>Por Enedino Hern\u00e1ndez\/Zunoticia Huejutla, Hgo.- El alcalde de Huejutla de Reyes, Daniel Andrade Zurutuza, confirma que ya est\u00e1 debidamente preparado el gran festejo del Carnaval Huejutla 2024, el cual se desarrollar\u00e1 durante los d\u00edas 12 y 13 de febrero. \u201cA cuatro semanas del evento ya tuvimos una reuni\u00f3n con todo el equipo, parece que en&hellip; <a class=\"more-link\" href=\"https:\/\/www.zunoticia.com\/noticias-de-hidalgo\/2024\/01\/17\/huejutla-preparado-para-el-gran-festejo-del-carnaval-alcalde\/\">Seguir leyendo <span class=\"screen-reader-text\">Huejutla preparado para el gran festejo del Carnaval: alcalde<\/span><\/a><\/p>\n","protected":false},"author":20,"featured_media":522569,"comment_status":"open","ping_status":"open","sticky":false,"template":"","format":"standard","meta":{"rop_custom_images_group":[],"rop_custom_messages_group":[],"rop_publish_now":"initial","rop_publish_now_accounts":{"facebook_10159540855086992_322828327761733":""},"rop_publish_now_history":[],"rop_publish_now_status":"pending","footnotes":""},"categories":[181],"tags":[121],"class_list":["post-522568","post","type-post","status-publish","format-standard","has-post-thumbnail","hentry","category-huejutla","tag-huejutla","entry"],"_links":{"self":[{"href":"https:\/\/www.zunoticia.com\/noticias-de-hidalgo\/wp-json\/wp\/v2\/posts\/522568","targetHints":{"allow":["GET"]}}],"collection":[{"href":"https:\/\/www.zunoticia.com\/noticias-de-hidalgo\/wp-json\/wp\/v2\/posts"}],"about":[{"href":"https:\/\/www.zunoticia.com\/noticias-de-hidalgo\/wp-json\/wp\/v2\/types\/post"}],"author":[{"embeddable":true,"href":"https:\/\/www.zunoticia.com\/noticias-de-hidalgo\/wp-json\/wp\/v2\/users\/20"}],"replies":[{"embeddable":true,"href":"https:\/\/www.zunoticia.com\/noticias-de-hidalgo\/wp-json\/wp\/v2\/comments?post=522568"}],"version-history":[{"count":1,"href":"https:\/\/www.zunoticia.com\/noticias-de-hidalgo\/wp-json\/wp\/v2\/posts\/522568\/revisions"}],"predecessor-version":[{"id":522570,"href":"https:\/\/www.zunoticia.com\/noticias-de-hidalgo\/wp-json\/wp\/v2\/posts\/522568\/revisions\/522570"}],"wp:featuredmedia":[{"embeddable":true,"href":"https:\/\/www.zunoticia.com\/noticias-de-hidalgo\/wp-json\/wp\/v2\/media\/522569"}],"wp:attachment":[{"href":"https:\/\/www.zunoticia.com\/noticias-de-hidalgo\/wp-json\/wp\/v2\/media?parent=522568"}],"wp:term":[{"taxonomy":"category","embeddable":true,"href":"https:\/\/www.zunoticia.com\/noticias-de-hidalgo\/wp-json\/wp\/v2\/categories?post=522568"},{"taxonomy":"post_tag","embeddable":true,"href":"https:\/\/www.zunoticia.com\/noticias-de-hidalgo\/wp-json\/wp\/v2\/tags?post=522568"}],"curies":[{"name":"wp","href":"https:\/\/api.w.org\/{rel}","templated":true}]}}