{"id":522577,"date":"2024-01-17T18:51:21","date_gmt":"2024-01-18T00:51:21","guid":{"rendered":"https:\/\/www.zunoticia.com\/noticias-de-hidalgo\/?p=522577"},"modified":"2024-01-17T18:51:22","modified_gmt":"2024-01-18T00:51:22","slug":"poblacion-consciente-de-la-necesidad-del-uso-de-cubrebocas-en-esta-temporada","status":"publish","type":"post","link":"https:\/\/www.zunoticia.com\/noticias-de-hidalgo\/2024\/01\/17\/poblacion-consciente-de-la-necesidad-del-uso-de-cubrebocas-en-esta-temporada\/","title":{"rendered":"Poblaci\u00f3n consciente de la necesidad del uso de cubrebocas en esta temporada"},"content":{"rendered":"<aside class=\"mashsb-container mashsb-main mashsb-stretched\"><div class=\"mashsb-box\"><div class=\"mashsb-count mash-large\" style=\"float:left\"><div class=\"counts mashsbcount\">2<\/div><span class=\"mashsb-sharetext\">SHARES<\/span><\/div><div class=\"mashsb-buttons\"><a class=\"mashicon-facebook mash-large mash-center mashsb-noshadow\" href=\"https:\/\/www.facebook.com\/sharer.php?u=https%3A%2F%2Fwww.zunoticia.com%2Fnoticias-de-hidalgo%2F2024%2F01%2F17%2Fpoblacion-consciente-de-la-necesidad-del-uso-de-cubrebocas-en-esta-temporada%2F\" target=\"_top\" rel=\"nofollow\"><span class=\"icon\"><\/span><span class=\"text\">Share<\/span><\/a><a class=\"mashicon-twitter mash-large mash-center mashsb-noshadow\" href=\"https:\/\/twitter.com\/intent\/tweet?text=&amp;url=https:\/\/www.zunoticia.com\/noticias-de-hidalgo\/2024\/01\/17\/poblacion-consciente-de-la-necesidad-del-uso-de-cubrebocas-en-esta-temporada\/\" target=\"_top\" rel=\"nofollow\"><span class=\"icon\"><\/span><span class=\"text\">Tweet<\/span><\/a><div class=\"onoffswitch2 mash-large mashsb-noshadow\" style=\"display:none\"><\/div><\/div>\n            <\/div>\n                <div style=\"clear:both\"><\/div><div class=\"mashsb-toggle-container\"><\/div><\/aside>\n            <!-- Share buttons by mashshare.net - Version: 4.0.47-->\n<p><em>Por \u00c1ngel Silverio \/Zunoticia<\/em><\/p>\n\n\n\n<p><strong>Jaltoc\u00e1n, Hgo. &#8211;<\/strong> &#8220;La verdad es que nos da gusto ver, que hoy la ciudadan\u00eda est\u00e1 consciente de que, ante los cambios de temperatura, por ejemplo, con el fr\u00edo es necesario usar el cubrebocas, esto como una medida de protecci\u00f3n para las enfermedades respiratorias; hoy lo vemos as\u00ed, ya sin tanta necesidad de una campa\u00f1a para el uso de este producto, pues la misma poblaci\u00f3n ha tomado sus medidas haciendo uso&#8221;.<\/p>\n\n\n\n<p>Se\u00f1al\u00f3 lo anterior la doctora Adriana Nava Hern\u00e1ndez, quien dijo que, ante las enfermedades respiratorias, se han venido haciendo recomendaciones sobre el uso de la mascarilla, sin embargo, se ha percatado que hoy es la misma poblaci\u00f3n la que toma la iniciativa de hacer uso del cubrebocas, pues est\u00e1n m\u00e1s conscientes de la necesidad de cuidarse de las enfermedades que pudieran causarles hasta la muerte.<\/p>\n\n\n\n<p>&#8220;Como lo dije, desde un principio de la pandemia, esto es algo que lleg\u00f3 para quedarse, tenemos nosotros que cuidarnos entre todos; si salimos a lugares donde hay mucha afluencia de personas, pues hacer uso del cubrebocas, si lo hacemos en lugares cerrados, como el transporte p\u00fablico o auditorio, debemos hacer uso para cuidar a nuestra persona y, sobre todo, a nuestra familia&#8221; se\u00f1al\u00f3.<\/p>\n\n\n\n<p>Felicit\u00f3 a todos aquellos que hoy est\u00e1n m\u00e1s conscientes sobre el uso de la mascarilla, pues es una cultura que ya ha venido forj\u00e1ndose, que se quedar\u00e1 como una medida de protecci\u00f3n en la temporada invernal y que es necesaria sobre todo, para los sectores vulnerables.<\/p>\n","protected":false},"excerpt":{"rendered":"<p>Por \u00c1ngel Silverio \/Zunoticia Jaltoc\u00e1n, Hgo. &#8211; &#8220;La verdad es que nos da gusto ver, que hoy la ciudadan\u00eda est\u00e1 consciente de que, ante los cambios de temperatura, por ejemplo, con el fr\u00edo es necesario usar el cubrebocas, esto como una medida de protecci\u00f3n para las enfermedades respiratorias; hoy lo vemos as\u00ed, ya sin tanta&hellip; <a class=\"more-link\" href=\"https:\/\/www.zunoticia.com\/noticias-de-hidalgo\/2024\/01\/17\/poblacion-consciente-de-la-necesidad-del-uso-de-cubrebocas-en-esta-temporada\/\">Seguir leyendo <span class=\"screen-reader-text\">Poblaci\u00f3n consciente de la necesidad del uso de cubrebocas en esta temporada<\/span><\/a><\/p>\n","protected":false},"author":20,"featured_media":522578,"comment_status":"open","ping_status":"open","sticky":false,"template":"","format":"standard","meta":{"rop_custom_images_group":[],"rop_custom_messages_group":[],"rop_publish_now":"initial","rop_publish_now_accounts":{"facebook_10159540855086992_322828327761733":""},"rop_publish_now_history":[],"rop_publish_now_status":"pending","footnotes":""},"categories":[179,200],"tags":[229,131],"class_list":["post-522577","post","type-post","status-publish","format-standard","has-post-thumbnail","hentry","category-huasteca","category-jaltocan","tag-huasteca","tag-jaltocan","entry"],"_links":{"self":[{"href":"https:\/\/www.zunoticia.com\/noticias-de-hidalgo\/wp-json\/wp\/v2\/posts\/522577","targetHints":{"allow":["GET"]}}],"collection":[{"href":"https:\/\/www.zunoticia.com\/noticias-de-hidalgo\/wp-json\/wp\/v2\/posts"}],"about":[{"href":"https:\/\/www.zunoticia.com\/noticias-de-hidalgo\/wp-json\/wp\/v2\/types\/post"}],"author":[{"embeddable":true,"href":"https:\/\/www.zunoticia.com\/noticias-de-hidalgo\/wp-json\/wp\/v2\/users\/20"}],"replies":[{"embeddable":true,"href":"https:\/\/www.zunoticia.com\/noticias-de-hidalgo\/wp-json\/wp\/v2\/comments?post=522577"}],"version-history":[{"count":1,"href":"https:\/\/www.zunoticia.com\/noticias-de-hidalgo\/wp-json\/wp\/v2\/posts\/522577\/revisions"}],"predecessor-version":[{"id":522579,"href":"https:\/\/www.zunoticia.com\/noticias-de-hidalgo\/wp-json\/wp\/v2\/posts\/522577\/revisions\/522579"}],"wp:featuredmedia":[{"embeddable":true,"href":"https:\/\/www.zunoticia.com\/noticias-de-hidalgo\/wp-json\/wp\/v2\/media\/522578"}],"wp:attachment":[{"href":"https:\/\/www.zunoticia.com\/noticias-de-hidalgo\/wp-json\/wp\/v2\/media?parent=522577"}],"wp:term":[{"taxonomy":"category","embeddable":true,"href":"https:\/\/www.zunoticia.com\/noticias-de-hidalgo\/wp-json\/wp\/v2\/categories?post=522577"},{"taxonomy":"post_tag","embeddable":true,"href":"https:\/\/www.zunoticia.com\/noticias-de-hidalgo\/wp-json\/wp\/v2\/tags?post=522577"}],"curies":[{"name":"wp","href":"https:\/\/api.w.org\/{rel}","templated":true}]}}