{"id":522588,"date":"2024-01-17T19:08:28","date_gmt":"2024-01-18T01:08:28","guid":{"rendered":"https:\/\/www.zunoticia.com\/noticias-de-hidalgo\/?p=522588"},"modified":"2024-01-17T19:08:29","modified_gmt":"2024-01-18T01:08:29","slug":"ajustan-horario-escolar-en-la-secundaria-general-2-por-el-frente-frio","status":"publish","type":"post","link":"https:\/\/www.zunoticia.com\/noticias-de-hidalgo\/2024\/01\/17\/ajustan-horario-escolar-en-la-secundaria-general-2-por-el-frente-frio\/","title":{"rendered":"Ajustan horario escolar en la Secundaria General 2 por el Frente Fr\u00edo"},"content":{"rendered":"<aside class=\"mashsb-container mashsb-main mashsb-stretched\"><div class=\"mashsb-box\"><div class=\"mashsb-count mash-large\" style=\"float:left\"><div class=\"counts mashsbcount\">34<\/div><span class=\"mashsb-sharetext\">SHARES<\/span><\/div><div class=\"mashsb-buttons\"><a class=\"mashicon-facebook mash-large mash-center mashsb-noshadow\" href=\"https:\/\/www.facebook.com\/sharer.php?u=https%3A%2F%2Fwww.zunoticia.com%2Fnoticias-de-hidalgo%2F2024%2F01%2F17%2Fajustan-horario-escolar-en-la-secundaria-general-2-por-el-frente-frio%2F\" target=\"_top\" rel=\"nofollow\"><span class=\"icon\"><\/span><span class=\"text\">Share<\/span><\/a><a class=\"mashicon-twitter mash-large mash-center mashsb-noshadow\" href=\"https:\/\/twitter.com\/intent\/tweet?text=&amp;url=https:\/\/www.zunoticia.com\/noticias-de-hidalgo\/2024\/01\/17\/ajustan-horario-escolar-en-la-secundaria-general-2-por-el-frente-frio\/\" target=\"_top\" rel=\"nofollow\"><span class=\"icon\"><\/span><span class=\"text\">Tweet<\/span><\/a><div class=\"onoffswitch2 mash-large mashsb-noshadow\" style=\"display:none\"><\/div><\/div>\n            <\/div>\n                <div style=\"clear:both\"><\/div><div class=\"mashsb-toggle-container\"><\/div><\/aside>\n            <!-- Share buttons by mashshare.net - Version: 4.0.47-->\n<p><em>Por Enedino Hern\u00e1ndez\/Zunoticia<\/em><\/p>\n\n\n\n<p><strong>Huejutla, Hgo.-<\/strong> Por el Frente Fr\u00edo que se tiene en la regi\u00f3n, durante los d\u00edas mi\u00e9rcoles, jueves y viernes de la presente semana, se ajusta el horario escolar en la Escuela Secundaria General n\u00famero dos de esta ciudad de Huejutla de Reyes.<\/p>\n\n\n\n<p>En un comunicado difundido previamente por la Direcci\u00f3n de la Escuela y el Comit\u00e9 de Padres de Familia, se da a conocer sobre el ajuste del horario escolar para los d\u00edas mi\u00e9rcoles 17, jueves 18 y viernes 19 de enero del 2024.<\/p>\n\n\n\n<p>Para los alumnos que acuden al Turno matutino es de 7:30 a las 12:30 horas y para quienes acuden al Turno Vespertino es de 11:10 a las a las 4:10.<\/p>\n\n\n\n<p>Asimismo, se recomienda que todos acudan bien abrigados y de preferencia hacer uso del cubrebocas; destac\u00e1ndose que el horario se normaliza el d\u00eda lunes 22 de enero.<\/p>\n","protected":false},"excerpt":{"rendered":"<p>Por Enedino Hern\u00e1ndez\/Zunoticia Huejutla, Hgo.- Por el Frente Fr\u00edo que se tiene en la regi\u00f3n, durante los d\u00edas mi\u00e9rcoles, jueves y viernes de la presente semana, se ajusta el horario escolar en la Escuela Secundaria General n\u00famero dos de esta ciudad de Huejutla de Reyes. En un comunicado difundido previamente por la Direcci\u00f3n de la&hellip; <a class=\"more-link\" href=\"https:\/\/www.zunoticia.com\/noticias-de-hidalgo\/2024\/01\/17\/ajustan-horario-escolar-en-la-secundaria-general-2-por-el-frente-frio\/\">Seguir leyendo <span class=\"screen-reader-text\">Ajustan horario escolar en la Secundaria General 2 por el Frente Fr\u00edo<\/span><\/a><\/p>\n","protected":false},"author":20,"featured_media":522589,"comment_status":"open","ping_status":"open","sticky":false,"template":"","format":"standard","meta":{"rop_custom_images_group":[],"rop_custom_messages_group":[],"rop_publish_now":"initial","rop_publish_now_accounts":{"facebook_10159540855086992_322828327761733":""},"rop_publish_now_history":[],"rop_publish_now_status":"pending","footnotes":""},"categories":[181],"tags":[121],"class_list":["post-522588","post","type-post","status-publish","format-standard","has-post-thumbnail","hentry","category-huejutla","tag-huejutla","entry"],"_links":{"self":[{"href":"https:\/\/www.zunoticia.com\/noticias-de-hidalgo\/wp-json\/wp\/v2\/posts\/522588","targetHints":{"allow":["GET"]}}],"collection":[{"href":"https:\/\/www.zunoticia.com\/noticias-de-hidalgo\/wp-json\/wp\/v2\/posts"}],"about":[{"href":"https:\/\/www.zunoticia.com\/noticias-de-hidalgo\/wp-json\/wp\/v2\/types\/post"}],"author":[{"embeddable":true,"href":"https:\/\/www.zunoticia.com\/noticias-de-hidalgo\/wp-json\/wp\/v2\/users\/20"}],"replies":[{"embeddable":true,"href":"https:\/\/www.zunoticia.com\/noticias-de-hidalgo\/wp-json\/wp\/v2\/comments?post=522588"}],"version-history":[{"count":1,"href":"https:\/\/www.zunoticia.com\/noticias-de-hidalgo\/wp-json\/wp\/v2\/posts\/522588\/revisions"}],"predecessor-version":[{"id":522590,"href":"https:\/\/www.zunoticia.com\/noticias-de-hidalgo\/wp-json\/wp\/v2\/posts\/522588\/revisions\/522590"}],"wp:featuredmedia":[{"embeddable":true,"href":"https:\/\/www.zunoticia.com\/noticias-de-hidalgo\/wp-json\/wp\/v2\/media\/522589"}],"wp:attachment":[{"href":"https:\/\/www.zunoticia.com\/noticias-de-hidalgo\/wp-json\/wp\/v2\/media?parent=522588"}],"wp:term":[{"taxonomy":"category","embeddable":true,"href":"https:\/\/www.zunoticia.com\/noticias-de-hidalgo\/wp-json\/wp\/v2\/categories?post=522588"},{"taxonomy":"post_tag","embeddable":true,"href":"https:\/\/www.zunoticia.com\/noticias-de-hidalgo\/wp-json\/wp\/v2\/tags?post=522588"}],"curies":[{"name":"wp","href":"https:\/\/api.w.org\/{rel}","templated":true}]}}