{"id":522591,"date":"2024-01-17T19:15:17","date_gmt":"2024-01-18T01:15:17","guid":{"rendered":"https:\/\/www.zunoticia.com\/noticias-de-hidalgo\/?p=522591"},"modified":"2024-01-17T19:15:18","modified_gmt":"2024-01-18T01:15:18","slug":"dispersion-de-recursos-de-la-escuela-es-nuestra-corre-a-cargo-de-la-federacion","status":"publish","type":"post","link":"https:\/\/www.zunoticia.com\/noticias-de-hidalgo\/2024\/01\/17\/dispersion-de-recursos-de-la-escuela-es-nuestra-corre-a-cargo-de-la-federacion\/","title":{"rendered":"Dispersi\u00f3n de recursos de \u201cLa escuela Es nuestra\u201d corre a cargo de la federaci\u00f3n"},"content":{"rendered":"<aside class=\"mashsb-container mashsb-main mashsb-stretched\"><div class=\"mashsb-box\"><div class=\"mashsb-count mash-large\" style=\"float:left\"><div class=\"counts mashsbcount\">18<\/div><span class=\"mashsb-sharetext\">SHARES<\/span><\/div><div class=\"mashsb-buttons\"><a class=\"mashicon-facebook mash-large mash-center mashsb-noshadow\" href=\"https:\/\/www.facebook.com\/sharer.php?u=https%3A%2F%2Fwww.zunoticia.com%2Fnoticias-de-hidalgo%2F2024%2F01%2F17%2Fdispersion-de-recursos-de-la-escuela-es-nuestra-corre-a-cargo-de-la-federacion%2F\" target=\"_top\" rel=\"nofollow\"><span class=\"icon\"><\/span><span class=\"text\">Share<\/span><\/a><a class=\"mashicon-twitter mash-large mash-center mashsb-noshadow\" href=\"https:\/\/twitter.com\/intent\/tweet?text=&amp;url=https:\/\/www.zunoticia.com\/noticias-de-hidalgo\/2024\/01\/17\/dispersion-de-recursos-de-la-escuela-es-nuestra-corre-a-cargo-de-la-federacion\/\" target=\"_top\" rel=\"nofollow\"><span class=\"icon\"><\/span><span class=\"text\">Tweet<\/span><\/a><div class=\"onoffswitch2 mash-large mashsb-noshadow\" style=\"display:none\"><\/div><\/div>\n            <\/div>\n                <div style=\"clear:both\"><\/div><div class=\"mashsb-toggle-container\"><\/div><\/aside>\n            <!-- Share buttons by mashshare.net - Version: 4.0.47-->\n<p><em>Por \u00c1ngel Silverio\/Zunoticia<\/em><\/p>\n\n\n\n<p><strong>San Felipe Orizatl\u00e1n, Hgo.-<\/strong> Gelasio Vel\u00e1zquez, encargado de los programas del bienestar en el distrito, dio a conocer la respuesta que se les dio a los padres de familia de la escuela \u201cJos\u00e9 \u00c1ngeles Monta\u00f1o\u201d, quienes exig\u00edan la aclaraci\u00f3n de a d\u00f3nde han ido a parar los recursos del programa \u201cLa Escuela es Nuestra\u201d, mencionando que es un tema que ya se est\u00e1 atendiendo.<\/p>\n\n\n\n<p>\u201cNo es un asunto exclusivo de la escuela, a la par se van a resolver situaciones de varias escuelas a las cuales se les debe entregar una tarjeta bancaria y la dispersi\u00f3n por parte de Tesorer\u00eda de la federaci\u00f3n antes de que concluya el mes de enero; la respuesta que nos dan, es que se les entrega un recurso correspondiente a un ejercicio fiscal del 2023_bis, se les hace entrega antes de que concluya este mes\u201d se\u00f1al\u00f3.<\/p>\n\n\n\n<p>Dijo que, no hay un desvi\u00f3 de recursos como se ha mencionado, -\u201cSe han argumentado cosas que no corresponden, como lo es el desv\u00edo de recursos; hay que ser claridosos en el tema, en la administraci\u00f3n p\u00fablica federal no hay intermediarios, los servidores p\u00fablicos no tenemos acceso a los recursos, hoy las partidas se entregan de manera directa, por eso planteaba que si existe la duda respecto a si se actu\u00f3 de manera deshonesta, pues est\u00e1n las instancias correspondientes, quien se\u00f1ala y acusa est\u00e1 obligado a acreditarlo\u201d.<\/p>\n\n\n\n<p>A\u00f1adi\u00f3, \u201cEn cuanto a nuestro desempe\u00f1o, estamos con la frente en alto, dice una frase com\u00fan que el que nada debe nada teme; en mi caso, hemos actuado de manera correcta, la dispersi\u00f3n es un tema de la federaci\u00f3n, no corresponde a un tema regional, nosotros administramos los programas, pero la dictaminaci\u00f3n de qui\u00e9nes son los posibles sujetos de derecho corre a cargo de otras instancias\u201d.<\/p>\n","protected":false},"excerpt":{"rendered":"<p>Por \u00c1ngel Silverio\/Zunoticia San Felipe Orizatl\u00e1n, Hgo.- Gelasio Vel\u00e1zquez, encargado de los programas del bienestar en el distrito, dio a conocer la respuesta que se les dio a los padres de familia de la escuela \u201cJos\u00e9 \u00c1ngeles Monta\u00f1o\u201d, quienes exig\u00edan la aclaraci\u00f3n de a d\u00f3nde han ido a parar los recursos del programa \u201cLa Escuela&hellip; <a class=\"more-link\" href=\"https:\/\/www.zunoticia.com\/noticias-de-hidalgo\/2024\/01\/17\/dispersion-de-recursos-de-la-escuela-es-nuestra-corre-a-cargo-de-la-federacion\/\">Seguir leyendo <span class=\"screen-reader-text\">Dispersi\u00f3n de recursos de \u201cLa escuela Es nuestra\u201d corre a cargo de la federaci\u00f3n<\/span><\/a><\/p>\n","protected":false},"author":20,"featured_media":522592,"comment_status":"open","ping_status":"open","sticky":false,"template":"","format":"standard","meta":{"rop_custom_images_group":[],"rop_custom_messages_group":[],"rop_publish_now":"initial","rop_publish_now_accounts":{"facebook_10159540855086992_322828327761733":""},"rop_publish_now_history":[],"rop_publish_now_status":"pending","footnotes":""},"categories":[179,180],"tags":[229,129],"class_list":["post-522591","post","type-post","status-publish","format-standard","has-post-thumbnail","hentry","category-huasteca","category-orizatlan","tag-huasteca","tag-orizatlan","entry"],"_links":{"self":[{"href":"https:\/\/www.zunoticia.com\/noticias-de-hidalgo\/wp-json\/wp\/v2\/posts\/522591","targetHints":{"allow":["GET"]}}],"collection":[{"href":"https:\/\/www.zunoticia.com\/noticias-de-hidalgo\/wp-json\/wp\/v2\/posts"}],"about":[{"href":"https:\/\/www.zunoticia.com\/noticias-de-hidalgo\/wp-json\/wp\/v2\/types\/post"}],"author":[{"embeddable":true,"href":"https:\/\/www.zunoticia.com\/noticias-de-hidalgo\/wp-json\/wp\/v2\/users\/20"}],"replies":[{"embeddable":true,"href":"https:\/\/www.zunoticia.com\/noticias-de-hidalgo\/wp-json\/wp\/v2\/comments?post=522591"}],"version-history":[{"count":1,"href":"https:\/\/www.zunoticia.com\/noticias-de-hidalgo\/wp-json\/wp\/v2\/posts\/522591\/revisions"}],"predecessor-version":[{"id":522593,"href":"https:\/\/www.zunoticia.com\/noticias-de-hidalgo\/wp-json\/wp\/v2\/posts\/522591\/revisions\/522593"}],"wp:featuredmedia":[{"embeddable":true,"href":"https:\/\/www.zunoticia.com\/noticias-de-hidalgo\/wp-json\/wp\/v2\/media\/522592"}],"wp:attachment":[{"href":"https:\/\/www.zunoticia.com\/noticias-de-hidalgo\/wp-json\/wp\/v2\/media?parent=522591"}],"wp:term":[{"taxonomy":"category","embeddable":true,"href":"https:\/\/www.zunoticia.com\/noticias-de-hidalgo\/wp-json\/wp\/v2\/categories?post=522591"},{"taxonomy":"post_tag","embeddable":true,"href":"https:\/\/www.zunoticia.com\/noticias-de-hidalgo\/wp-json\/wp\/v2\/tags?post=522591"}],"curies":[{"name":"wp","href":"https:\/\/api.w.org\/{rel}","templated":true}]}}