{"id":522599,"date":"2024-01-17T20:23:11","date_gmt":"2024-01-18T02:23:11","guid":{"rendered":"https:\/\/www.zunoticia.com\/noticias-de-hidalgo\/?p=522599"},"modified":"2024-01-17T20:45:32","modified_gmt":"2024-01-18T02:45:32","slug":"se-registro-omar-angeles-en-mc-como-candidato-a-la-alcaldia-de-huejutla","status":"publish","type":"post","link":"https:\/\/www.zunoticia.com\/noticias-de-hidalgo\/2024\/01\/17\/se-registro-omar-angeles-en-mc-como-candidato-a-la-alcaldia-de-huejutla\/","title":{"rendered":"Se registr\u00f3 Omar \u00c1ngeles en MC como candidato a la alcald\u00eda de Huejutla"},"content":{"rendered":"<aside class=\"mashsb-container mashsb-main mashsb-stretched\"><div class=\"mashsb-box\"><div class=\"mashsb-count mash-large\" style=\"float:left\"><div class=\"counts mashsbcount\">15<\/div><span class=\"mashsb-sharetext\">SHARES<\/span><\/div><div class=\"mashsb-buttons\"><a class=\"mashicon-facebook mash-large mash-center mashsb-noshadow\" href=\"https:\/\/www.facebook.com\/sharer.php?u=https%3A%2F%2Fwww.zunoticia.com%2Fnoticias-de-hidalgo%2F2024%2F01%2F17%2Fse-registro-omar-angeles-en-mc-como-candidato-a-la-alcaldia-de-huejutla%2F\" target=\"_top\" rel=\"nofollow\"><span class=\"icon\"><\/span><span class=\"text\">Share<\/span><\/a><a class=\"mashicon-twitter mash-large mash-center mashsb-noshadow\" href=\"https:\/\/twitter.com\/intent\/tweet?text=&amp;url=https:\/\/www.zunoticia.com\/noticias-de-hidalgo\/2024\/01\/17\/se-registro-omar-angeles-en-mc-como-candidato-a-la-alcaldia-de-huejutla\/\" target=\"_top\" rel=\"nofollow\"><span class=\"icon\"><\/span><span class=\"text\">Tweet<\/span><\/a><div class=\"onoffswitch2 mash-large mashsb-noshadow\" style=\"display:none\"><\/div><\/div>\n            <\/div>\n                <div style=\"clear:both\"><\/div><div class=\"mashsb-toggle-container\"><\/div><\/aside>\n            <!-- Share buttons by mashshare.net - Version: 4.0.47-->\n<p><em>Por Mois\u00e9s Medrano\/Zunoticia<\/em><\/p>\n\n\n\n<p><strong>Huejutla, Hgo.-<\/strong> Omar \u00c1ngeles Montiel se present\u00f3 durante la tarde de este mi\u00e9rcoles ante la Comisi\u00f3n Nacional de convenciones y procesos internos de Movimiento Ciudadano para solicitar su registro como candidato a la Presidencia Municipal de Huejutla.<\/p>\n\n\n\n<p>Dicha solicitud ser\u00e1 revisada para su aprobaci\u00f3n y emisi\u00f3n de dictamen, con base en la convocatoria emitida por Movimiento Ciudadano el 21 de diciembre de 2023, con lo que se da cumplimiento a todas las bases marcadas en la misma.<\/p>\n\n\n\n<p>Jes\u00fas Omar \u00c1ngeles Montiel, es un joven empresario huejutlense y presidente de la Asociaci\u00f3n Civil \u201cSomos Huasteca\u201d, a trav\u00e9s de la cual lleva m\u00e1s de 15 a\u00f1os realizando trabajos de gesti\u00f3n social en favor de los ciudadanos de este municipio y de la huasteca&nbsp;en&nbsp;general.<\/p>\n","protected":false},"excerpt":{"rendered":"<p>Por Mois\u00e9s Medrano\/Zunoticia Huejutla, Hgo.- Omar \u00c1ngeles Montiel se present\u00f3 durante la tarde de este mi\u00e9rcoles ante la Comisi\u00f3n Nacional de convenciones y procesos internos de Movimiento Ciudadano para solicitar su registro como candidato a la Presidencia Municipal de Huejutla. Dicha solicitud ser\u00e1 revisada para su aprobaci\u00f3n y emisi\u00f3n de dictamen, con base en la&hellip; <a class=\"more-link\" href=\"https:\/\/www.zunoticia.com\/noticias-de-hidalgo\/2024\/01\/17\/se-registro-omar-angeles-en-mc-como-candidato-a-la-alcaldia-de-huejutla\/\">Seguir leyendo <span class=\"screen-reader-text\">Se registr\u00f3 Omar \u00c1ngeles en MC como candidato a la alcald\u00eda de Huejutla<\/span><\/a><\/p>\n","protected":false},"author":12,"featured_media":522610,"comment_status":"open","ping_status":"open","sticky":false,"template":"","format":"standard","meta":{"rop_custom_images_group":[],"rop_custom_messages_group":[],"rop_publish_now":"initial","rop_publish_now_accounts":{"facebook_10159540855086992_322828327761733":""},"rop_publish_now_history":[],"rop_publish_now_status":"pending","footnotes":""},"categories":[181],"tags":[121],"class_list":["post-522599","post","type-post","status-publish","format-standard","has-post-thumbnail","hentry","category-huejutla","tag-huejutla","entry"],"_links":{"self":[{"href":"https:\/\/www.zunoticia.com\/noticias-de-hidalgo\/wp-json\/wp\/v2\/posts\/522599","targetHints":{"allow":["GET"]}}],"collection":[{"href":"https:\/\/www.zunoticia.com\/noticias-de-hidalgo\/wp-json\/wp\/v2\/posts"}],"about":[{"href":"https:\/\/www.zunoticia.com\/noticias-de-hidalgo\/wp-json\/wp\/v2\/types\/post"}],"author":[{"embeddable":true,"href":"https:\/\/www.zunoticia.com\/noticias-de-hidalgo\/wp-json\/wp\/v2\/users\/12"}],"replies":[{"embeddable":true,"href":"https:\/\/www.zunoticia.com\/noticias-de-hidalgo\/wp-json\/wp\/v2\/comments?post=522599"}],"version-history":[{"count":1,"href":"https:\/\/www.zunoticia.com\/noticias-de-hidalgo\/wp-json\/wp\/v2\/posts\/522599\/revisions"}],"predecessor-version":[{"id":522619,"href":"https:\/\/www.zunoticia.com\/noticias-de-hidalgo\/wp-json\/wp\/v2\/posts\/522599\/revisions\/522619"}],"wp:featuredmedia":[{"embeddable":true,"href":"https:\/\/www.zunoticia.com\/noticias-de-hidalgo\/wp-json\/wp\/v2\/media\/522610"}],"wp:attachment":[{"href":"https:\/\/www.zunoticia.com\/noticias-de-hidalgo\/wp-json\/wp\/v2\/media?parent=522599"}],"wp:term":[{"taxonomy":"category","embeddable":true,"href":"https:\/\/www.zunoticia.com\/noticias-de-hidalgo\/wp-json\/wp\/v2\/categories?post=522599"},{"taxonomy":"post_tag","embeddable":true,"href":"https:\/\/www.zunoticia.com\/noticias-de-hidalgo\/wp-json\/wp\/v2\/tags?post=522599"}],"curies":[{"name":"wp","href":"https:\/\/api.w.org\/{rel}","templated":true}]}}