{"id":522627,"date":"2024-01-17T20:41:08","date_gmt":"2024-01-18T02:41:08","guid":{"rendered":"https:\/\/www.zunoticia.com\/noticias-de-hidalgo\/?p=522627"},"modified":"2024-01-17T20:41:10","modified_gmt":"2024-01-18T02:41:10","slug":"el-proximo-alcalde-debe-conocer-la-problematica-social-jorge-luis-juarez","status":"publish","type":"post","link":"https:\/\/www.zunoticia.com\/noticias-de-hidalgo\/2024\/01\/17\/el-proximo-alcalde-debe-conocer-la-problematica-social-jorge-luis-juarez\/","title":{"rendered":"El pr\u00f3ximo alcalde debe conocer la problem\u00e1tica social: Jorge Luis Ju\u00e1rez"},"content":{"rendered":"<aside class=\"mashsb-container mashsb-main mashsb-stretched\"><div class=\"mashsb-box\"><div class=\"mashsb-count mash-large\" style=\"float:left\"><div class=\"counts mashsbcount\">16<\/div><span class=\"mashsb-sharetext\">SHARES<\/span><\/div><div class=\"mashsb-buttons\"><a class=\"mashicon-facebook mash-large mash-center mashsb-noshadow\" href=\"https:\/\/www.facebook.com\/sharer.php?u=https%3A%2F%2Fwww.zunoticia.com%2Fnoticias-de-hidalgo%2F2024%2F01%2F17%2Fel-proximo-alcalde-debe-conocer-la-problematica-social-jorge-luis-juarez%2F\" target=\"_top\" rel=\"nofollow\"><span class=\"icon\"><\/span><span class=\"text\">Share<\/span><\/a><a class=\"mashicon-twitter mash-large mash-center mashsb-noshadow\" href=\"https:\/\/twitter.com\/intent\/tweet?text=&amp;url=https:\/\/www.zunoticia.com\/noticias-de-hidalgo\/2024\/01\/17\/el-proximo-alcalde-debe-conocer-la-problematica-social-jorge-luis-juarez\/\" target=\"_top\" rel=\"nofollow\"><span class=\"icon\"><\/span><span class=\"text\">Tweet<\/span><\/a><div class=\"onoffswitch2 mash-large mashsb-noshadow\" style=\"display:none\"><\/div><\/div>\n            <\/div>\n                <div style=\"clear:both\"><\/div><div class=\"mashsb-toggle-container\"><\/div><\/aside>\n            <!-- Share buttons by mashshare.net - Version: 4.0.47-->\n<p><em>Por Salvador Altamirano\/Zunoticia<\/em><\/p>\n\n\n\n<p><strong>Huejutla, Hgo.-<\/strong> Entrevistado respecto a c\u00f3mo considera que debe ser el perfil del pr\u00f3ximo presidente municipal, el profesor Jorge Luis Ju\u00e1rez Vega, manifest\u00f3 que debe ser una persona que realmente conozca la problem\u00e1tica social, no el entorno pol\u00edtico.<\/p>\n\n\n\n<p>Enfatiz\u00f3 que, aqu\u00ed a quienes participan en la pol\u00edtica les interesa nada m\u00e1s conocer la identidad del poderoso en turno y en torno a \u00e9l giran, sin que les importe lo que verdaderamente afecta a un pueblo como Huejutla, que quiere adquirir caracter\u00edsticas de ciudad.<\/p>\n\n\n\n<p>Pero tiene -agreg\u00f3-, una urbanizaci\u00f3n destrozada; calles en p\u00e9simas condiciones y sin se\u00f1alamientos viales, sin una cultura que mantenga vigente la identidad del pueblo, con muchos defectos marcados a su conformaci\u00f3n, por lo que quien ostente el cargo de alcalde debe de ser una persona profundamente conocedora de la realidad regional, no de la personalidad de los pol\u00edticos del altiplano.<\/p>\n\n\n\n<p>Subray\u00f3 que, Huejutla ya requiere un alcalde con conocimientos reales, un profesionista que sienta empat\u00eda por un pueblo que pr\u00e1cticamente est\u00e1 muriendo, con r\u00edos contaminados; flora y fauna casi extinta; con graves problemas de desconocimiento de su pasado; por lo que se necesita alguien que se identifique con las causas populares.<\/p>\n\n\n\n<p>A pregunta expresa, explic\u00f3 que, Huejutla es ciudad por su n\u00famero de habitantes, pero es un pueblo por las caracter\u00edsticas de su sociedad, la cual est\u00e1 desinformada y solamente le interesa sobrevivir un d\u00eda m\u00e1s, no la pol\u00edtica, lo cual se refleja en el alto grado de abstencionismo que hay en cada elecci\u00f3n, pese a la oportunidad ciudadana que nos dan las instituciones de elegir un buen gobernante.<\/p>\n\n\n\n<p>Para finalizar, Ju\u00e1rez Vega coment\u00f3 que, ojal\u00e1 que en la pr\u00f3xima elecci\u00f3n tengamos la fortuna de que quien obtenga el triunfo, sea alguien que responda a las causas que requiere una sociedad moderna, progresista, que tenga ambici\u00f3n de futuro y no visi\u00f3n de asegurar, no el progreso generacional de una regi\u00f3n, sino el econ\u00f3mico de su familia.<\/p>\n","protected":false},"excerpt":{"rendered":"<p>Por Salvador Altamirano\/Zunoticia Huejutla, Hgo.- Entrevistado respecto a c\u00f3mo considera que debe ser el perfil del pr\u00f3ximo presidente municipal, el profesor Jorge Luis Ju\u00e1rez Vega, manifest\u00f3 que debe ser una persona que realmente conozca la problem\u00e1tica social, no el entorno pol\u00edtico. Enfatiz\u00f3 que, aqu\u00ed a quienes participan en la pol\u00edtica les interesa nada m\u00e1s conocer&hellip; <a class=\"more-link\" href=\"https:\/\/www.zunoticia.com\/noticias-de-hidalgo\/2024\/01\/17\/el-proximo-alcalde-debe-conocer-la-problematica-social-jorge-luis-juarez\/\">Seguir leyendo <span class=\"screen-reader-text\">El pr\u00f3ximo alcalde debe conocer la problem\u00e1tica social: Jorge Luis Ju\u00e1rez<\/span><\/a><\/p>\n","protected":false},"author":12,"featured_media":522623,"comment_status":"open","ping_status":"open","sticky":false,"template":"","format":"standard","meta":{"rop_custom_images_group":[],"rop_custom_messages_group":[],"rop_publish_now":"initial","rop_publish_now_accounts":{"facebook_10159540855086992_322828327761733":""},"rop_publish_now_history":[],"rop_publish_now_status":"pending","footnotes":""},"categories":[181],"tags":[121],"class_list":["post-522627","post","type-post","status-publish","format-standard","has-post-thumbnail","hentry","category-huejutla","tag-huejutla","entry"],"_links":{"self":[{"href":"https:\/\/www.zunoticia.com\/noticias-de-hidalgo\/wp-json\/wp\/v2\/posts\/522627","targetHints":{"allow":["GET"]}}],"collection":[{"href":"https:\/\/www.zunoticia.com\/noticias-de-hidalgo\/wp-json\/wp\/v2\/posts"}],"about":[{"href":"https:\/\/www.zunoticia.com\/noticias-de-hidalgo\/wp-json\/wp\/v2\/types\/post"}],"author":[{"embeddable":true,"href":"https:\/\/www.zunoticia.com\/noticias-de-hidalgo\/wp-json\/wp\/v2\/users\/12"}],"replies":[{"embeddable":true,"href":"https:\/\/www.zunoticia.com\/noticias-de-hidalgo\/wp-json\/wp\/v2\/comments?post=522627"}],"version-history":[{"count":1,"href":"https:\/\/www.zunoticia.com\/noticias-de-hidalgo\/wp-json\/wp\/v2\/posts\/522627\/revisions"}],"predecessor-version":[{"id":522629,"href":"https:\/\/www.zunoticia.com\/noticias-de-hidalgo\/wp-json\/wp\/v2\/posts\/522627\/revisions\/522629"}],"wp:featuredmedia":[{"embeddable":true,"href":"https:\/\/www.zunoticia.com\/noticias-de-hidalgo\/wp-json\/wp\/v2\/media\/522623"}],"wp:attachment":[{"href":"https:\/\/www.zunoticia.com\/noticias-de-hidalgo\/wp-json\/wp\/v2\/media?parent=522627"}],"wp:term":[{"taxonomy":"category","embeddable":true,"href":"https:\/\/www.zunoticia.com\/noticias-de-hidalgo\/wp-json\/wp\/v2\/categories?post=522627"},{"taxonomy":"post_tag","embeddable":true,"href":"https:\/\/www.zunoticia.com\/noticias-de-hidalgo\/wp-json\/wp\/v2\/tags?post=522627"}],"curies":[{"name":"wp","href":"https:\/\/api.w.org\/{rel}","templated":true}]}}