{"id":522981,"date":"2024-01-20T15:09:13","date_gmt":"2024-01-20T21:09:13","guid":{"rendered":"https:\/\/www.zunoticia.com\/noticias-de-hidalgo\/?p=522981"},"modified":"2024-01-20T15:09:15","modified_gmt":"2024-01-20T21:09:15","slug":"insiste-pc-en-extremar-medidas-preventivas-por-bajas-temperaturas","status":"publish","type":"post","link":"https:\/\/www.zunoticia.com\/noticias-de-hidalgo\/2024\/01\/20\/insiste-pc-en-extremar-medidas-preventivas-por-bajas-temperaturas\/","title":{"rendered":"Insiste PC en extremar medidas preventivas por bajas temperaturas"},"content":{"rendered":"<aside class=\"mashsb-container mashsb-main mashsb-stretched\"><div class=\"mashsb-box\"><div class=\"mashsb-count mash-large\" style=\"float:left\"><div class=\"counts mashsbcount\">24<\/div><span class=\"mashsb-sharetext\">SHARES<\/span><\/div><div class=\"mashsb-buttons\"><a class=\"mashicon-facebook mash-large mash-center mashsb-noshadow\" href=\"https:\/\/www.facebook.com\/sharer.php?u=https%3A%2F%2Fwww.zunoticia.com%2Fnoticias-de-hidalgo%2F2024%2F01%2F20%2Finsiste-pc-en-extremar-medidas-preventivas-por-bajas-temperaturas%2F\" target=\"_top\" rel=\"nofollow\"><span class=\"icon\"><\/span><span class=\"text\">Share<\/span><\/a><a class=\"mashicon-twitter mash-large mash-center mashsb-noshadow\" href=\"https:\/\/twitter.com\/intent\/tweet?text=&amp;url=https:\/\/www.zunoticia.com\/noticias-de-hidalgo\/2024\/01\/20\/insiste-pc-en-extremar-medidas-preventivas-por-bajas-temperaturas\/\" target=\"_top\" rel=\"nofollow\"><span class=\"icon\"><\/span><span class=\"text\">Tweet<\/span><\/a><div class=\"onoffswitch2 mash-large mashsb-noshadow\" style=\"display:none\"><\/div><\/div>\n            <\/div>\n                <div style=\"clear:both\"><\/div><div class=\"mashsb-toggle-container\"><\/div><\/aside>\n            <!-- Share buttons by mashshare.net - Version: 4.0.47-->\n<p><em>Por Enedino Hern\u00e1ndez\/Zunoticia<\/em><\/p>\n\n\n\n<p><strong>Huejutla, Hgo.-<\/strong> El coordinador regional de Protecci\u00f3n Civil (PC) de la Subsecretar\u00eda de Gobierno en la huasteca, H\u00e9ctor Hilario Manuel, insiste en su llamado a la poblaci\u00f3n en general para extremar las medidas preventivas por las bajas temperaturas que se registran en la regi\u00f3n.<\/p>\n\n\n\n<p>Se\u00f1al\u00f3 que, debido a los frentes fr\u00edos que se registran en la sierra y la huasteca al momento se han reactivado los refugios temporales en cada uno de los municipios que forman parte de esta \u00e1rea de afluencia, en donde adem\u00e1s se pide a la poblaci\u00f3n en general a que extremen las medidas preventivas necesarias.<\/p>\n\n\n\n<p>Expone que, al momento, el \u00e1rea de afluencia que le corresponde es brindar atenci\u00f3n en 11 municipios enclavados en la sierra y la huasteca, manteni\u00e9ndose en contacto permanente con los titulares de Protecci\u00f3n Civil de cada uno de los municipios.<\/p>\n\n\n\n<p>Dijo que, oportunamente se solicit\u00f3 la reactivaci\u00f3n y se sugiere mantener abiertos permanentemente los refugios temporales, sobre todo en las cabeceras municipales como es Huejutla, Huautla, Atlapexco, Yahualica, entre otros.<\/p>\n\n\n\n<p>A\u00f1adi\u00f3 que, este fin se semana se tiene m\u00e1s fr\u00edo \u201ccomo huastecos ya sabemos que tenemos que estar preparados, no aguantamos el fr\u00edo, sobre todo que se tiene que cuidar y poner mayor atenci\u00f3n con los adultos mayores y los ni\u00f1os\u201d.<\/p>\n\n\n\n<p>Coment\u00f3 que, los ni\u00f1os y los ancianos son los sectores m\u00e1s vulnerables de la poblaci\u00f3n en las temporadas de bajas temperaturas, por ello; es que se les debe de poner mayor atenci\u00f3n; concluyendo que, como Protecci\u00f3n Civil se mantiene siempre al pendiente durante las 24 horas del d\u00eda para apoyar en los municipios que lo requieran.<\/p>\n\n\n\n<p><\/p>\n","protected":false},"excerpt":{"rendered":"<p>Por Enedino Hern\u00e1ndez\/Zunoticia Huejutla, Hgo.- El coordinador regional de Protecci\u00f3n Civil (PC) de la Subsecretar\u00eda de Gobierno en la huasteca, H\u00e9ctor Hilario Manuel, insiste en su llamado a la poblaci\u00f3n en general para extremar las medidas preventivas por las bajas temperaturas que se registran en la regi\u00f3n. Se\u00f1al\u00f3 que, debido a los frentes fr\u00edos que&hellip; <a class=\"more-link\" href=\"https:\/\/www.zunoticia.com\/noticias-de-hidalgo\/2024\/01\/20\/insiste-pc-en-extremar-medidas-preventivas-por-bajas-temperaturas\/\">Seguir leyendo <span class=\"screen-reader-text\">Insiste PC en extremar medidas preventivas por bajas temperaturas<\/span><\/a><\/p>\n","protected":false},"author":20,"featured_media":522982,"comment_status":"open","ping_status":"open","sticky":false,"template":"","format":"standard","meta":{"rop_custom_images_group":[],"rop_custom_messages_group":[],"rop_publish_now":"initial","rop_publish_now_accounts":{"facebook_10159540855086992_322828327761733":""},"rop_publish_now_history":[],"rop_publish_now_status":"pending","footnotes":""},"categories":[181],"tags":[121],"class_list":["post-522981","post","type-post","status-publish","format-standard","has-post-thumbnail","hentry","category-huejutla","tag-huejutla","entry"],"_links":{"self":[{"href":"https:\/\/www.zunoticia.com\/noticias-de-hidalgo\/wp-json\/wp\/v2\/posts\/522981","targetHints":{"allow":["GET"]}}],"collection":[{"href":"https:\/\/www.zunoticia.com\/noticias-de-hidalgo\/wp-json\/wp\/v2\/posts"}],"about":[{"href":"https:\/\/www.zunoticia.com\/noticias-de-hidalgo\/wp-json\/wp\/v2\/types\/post"}],"author":[{"embeddable":true,"href":"https:\/\/www.zunoticia.com\/noticias-de-hidalgo\/wp-json\/wp\/v2\/users\/20"}],"replies":[{"embeddable":true,"href":"https:\/\/www.zunoticia.com\/noticias-de-hidalgo\/wp-json\/wp\/v2\/comments?post=522981"}],"version-history":[{"count":1,"href":"https:\/\/www.zunoticia.com\/noticias-de-hidalgo\/wp-json\/wp\/v2\/posts\/522981\/revisions"}],"predecessor-version":[{"id":522983,"href":"https:\/\/www.zunoticia.com\/noticias-de-hidalgo\/wp-json\/wp\/v2\/posts\/522981\/revisions\/522983"}],"wp:featuredmedia":[{"embeddable":true,"href":"https:\/\/www.zunoticia.com\/noticias-de-hidalgo\/wp-json\/wp\/v2\/media\/522982"}],"wp:attachment":[{"href":"https:\/\/www.zunoticia.com\/noticias-de-hidalgo\/wp-json\/wp\/v2\/media?parent=522981"}],"wp:term":[{"taxonomy":"category","embeddable":true,"href":"https:\/\/www.zunoticia.com\/noticias-de-hidalgo\/wp-json\/wp\/v2\/categories?post=522981"},{"taxonomy":"post_tag","embeddable":true,"href":"https:\/\/www.zunoticia.com\/noticias-de-hidalgo\/wp-json\/wp\/v2\/tags?post=522981"}],"curies":[{"name":"wp","href":"https:\/\/api.w.org\/{rel}","templated":true}]}}