{"id":522987,"date":"2024-01-20T15:25:30","date_gmt":"2024-01-20T21:25:30","guid":{"rendered":"https:\/\/www.zunoticia.com\/noticias-de-hidalgo\/?p=522987"},"modified":"2024-01-20T15:25:31","modified_gmt":"2024-01-20T21:25:31","slug":"el-hospital-regional-de-la-huasteca-se-constituira-en-imss-bienestar","status":"publish","type":"post","link":"https:\/\/www.zunoticia.com\/noticias-de-hidalgo\/2024\/01\/20\/el-hospital-regional-de-la-huasteca-se-constituira-en-imss-bienestar\/","title":{"rendered":"El Hospital Regional de la Huasteca se constituir\u00e1 en IMSS Bienestar"},"content":{"rendered":"<aside class=\"mashsb-container mashsb-main mashsb-stretched\"><div class=\"mashsb-box\"><div class=\"mashsb-count mash-large\" style=\"float:left\"><div class=\"counts mashsbcount\">45<\/div><span class=\"mashsb-sharetext\">SHARES<\/span><\/div><div class=\"mashsb-buttons\"><a class=\"mashicon-facebook mash-large mash-center mashsb-noshadow\" href=\"https:\/\/www.facebook.com\/sharer.php?u=https%3A%2F%2Fwww.zunoticia.com%2Fnoticias-de-hidalgo%2F2024%2F01%2F20%2Fel-hospital-regional-de-la-huasteca-se-constituira-en-imss-bienestar%2F\" target=\"_top\" rel=\"nofollow\"><span class=\"icon\"><\/span><span class=\"text\">Share<\/span><\/a><a class=\"mashicon-twitter mash-large mash-center mashsb-noshadow\" href=\"https:\/\/twitter.com\/intent\/tweet?text=&amp;url=https:\/\/www.zunoticia.com\/noticias-de-hidalgo\/2024\/01\/20\/el-hospital-regional-de-la-huasteca-se-constituira-en-imss-bienestar\/\" target=\"_top\" rel=\"nofollow\"><span class=\"icon\"><\/span><span class=\"text\">Tweet<\/span><\/a><div class=\"onoffswitch2 mash-large mashsb-noshadow\" style=\"display:none\"><\/div><\/div>\n            <\/div>\n                <div style=\"clear:both\"><\/div><div class=\"mashsb-toggle-container\"><\/div><\/aside>\n            <!-- Share buttons by mashshare.net - Version: 4.0.47-->\n<p><em>Por Salvador Altamirano\/Zunoticia<\/em><\/p>\n\n\n\n<p><strong>Huejutla, Hgo.-<\/strong>&nbsp; \u201cA invitaci\u00f3n del gobernador del Estado, Julio Menchaca Salazar y la secretaria de Salud, Zoraida Robles Barrera, hemos estado asistiendo a&nbsp; Pachuca, ya que a partir del d\u00eda primero de marzo el Hospital Regional de la Huasteca pasar\u00e1 a ser de manera oficial IMSS Bienestar\u201d.<\/p>\n\n\n\n<p>Lo anterior, fue expresado por el director del nosocomio, doctor Armando Escudero Almaz\u00e1n, quien agreg\u00f3 que, para tal efecto ya est\u00e1n en el periodo de transici\u00f3n, de entrega &#8211; recepci\u00f3n, que concluir\u00e1 este mes de enero.<\/p>\n\n\n\n<p>A pregunta formulada, especific\u00f3 que lo anterior, se debe a una unificaci\u00f3n del Sistema de Salud tendiente a otorgar una mejor atenci\u00f3n a los pacientes, que no haya la problem\u00e1tica de que quien requiera del servicio, si es derechohabiente del IMSS o de la Secretar\u00eda de Salud.<\/p>\n\n\n\n<p>Respecto al personal, refiri\u00f3 que, \u201ces un proceso que se tardar\u00e1 un poquito m\u00e1s, nosotros seguiremos perteneciendo a la Secretaria de Salud -aclar\u00f3-, pero ya hay quienes son parte del IMSS Bienestar, y otra gente que se est\u00e1 contratando y vienen ya con la nueva clasificaci\u00f3n\u201d.<\/p>\n\n\n\n<p>Para finalizar, Escudero Almaz\u00e1n subray\u00f3 que, como IMSS Bienestar se atender\u00e1 a la poblaci\u00f3n abierta, \u201cno se rechazar\u00e1 a nadie, si son derechohabientes del ISSSTE igual se atender\u00e1n y posteriormente se canalizar\u00e1n a esa instituci\u00f3n, por lo que la transici\u00f3n ser\u00e1 de gran beneficio para los habitantes de la regi\u00f3n\u201d.<\/p>\n\n\n\n<figure class=\"wp-block-image size-full\"><img fetchpriority=\"high\" decoding=\"async\" width=\"933\" height=\"524\" src=\"https:\/\/www.zunoticia.com\/noticias-de-hidalgo\/wp-content\/uploads\/2024\/01\/Zunoticia-Huejutla-1-64.png\" alt=\"\" class=\"wp-image-522989\"\/><\/figure>\n","protected":false},"excerpt":{"rendered":"<p>Por Salvador Altamirano\/Zunoticia Huejutla, Hgo.-&nbsp; \u201cA invitaci\u00f3n del gobernador del Estado, Julio Menchaca Salazar y la secretaria de Salud, Zoraida Robles Barrera, hemos estado asistiendo a&nbsp; Pachuca, ya que a partir del d\u00eda primero de marzo el Hospital Regional de la Huasteca pasar\u00e1 a ser de manera oficial IMSS Bienestar\u201d. Lo anterior, fue expresado por&hellip; <a class=\"more-link\" href=\"https:\/\/www.zunoticia.com\/noticias-de-hidalgo\/2024\/01\/20\/el-hospital-regional-de-la-huasteca-se-constituira-en-imss-bienestar\/\">Seguir leyendo <span class=\"screen-reader-text\">El Hospital Regional de la Huasteca se constituir\u00e1 en IMSS Bienestar<\/span><\/a><\/p>\n","protected":false},"author":20,"featured_media":522988,"comment_status":"open","ping_status":"open","sticky":false,"template":"","format":"standard","meta":{"rop_custom_images_group":[],"rop_custom_messages_group":[],"rop_publish_now":"initial","rop_publish_now_accounts":{"facebook_10159540855086992_322828327761733":""},"rop_publish_now_history":[],"rop_publish_now_status":"pending","footnotes":""},"categories":[181],"tags":[121],"class_list":["post-522987","post","type-post","status-publish","format-standard","has-post-thumbnail","hentry","category-huejutla","tag-huejutla","entry"],"_links":{"self":[{"href":"https:\/\/www.zunoticia.com\/noticias-de-hidalgo\/wp-json\/wp\/v2\/posts\/522987","targetHints":{"allow":["GET"]}}],"collection":[{"href":"https:\/\/www.zunoticia.com\/noticias-de-hidalgo\/wp-json\/wp\/v2\/posts"}],"about":[{"href":"https:\/\/www.zunoticia.com\/noticias-de-hidalgo\/wp-json\/wp\/v2\/types\/post"}],"author":[{"embeddable":true,"href":"https:\/\/www.zunoticia.com\/noticias-de-hidalgo\/wp-json\/wp\/v2\/users\/20"}],"replies":[{"embeddable":true,"href":"https:\/\/www.zunoticia.com\/noticias-de-hidalgo\/wp-json\/wp\/v2\/comments?post=522987"}],"version-history":[{"count":1,"href":"https:\/\/www.zunoticia.com\/noticias-de-hidalgo\/wp-json\/wp\/v2\/posts\/522987\/revisions"}],"predecessor-version":[{"id":522990,"href":"https:\/\/www.zunoticia.com\/noticias-de-hidalgo\/wp-json\/wp\/v2\/posts\/522987\/revisions\/522990"}],"wp:featuredmedia":[{"embeddable":true,"href":"https:\/\/www.zunoticia.com\/noticias-de-hidalgo\/wp-json\/wp\/v2\/media\/522988"}],"wp:attachment":[{"href":"https:\/\/www.zunoticia.com\/noticias-de-hidalgo\/wp-json\/wp\/v2\/media?parent=522987"}],"wp:term":[{"taxonomy":"category","embeddable":true,"href":"https:\/\/www.zunoticia.com\/noticias-de-hidalgo\/wp-json\/wp\/v2\/categories?post=522987"},{"taxonomy":"post_tag","embeddable":true,"href":"https:\/\/www.zunoticia.com\/noticias-de-hidalgo\/wp-json\/wp\/v2\/tags?post=522987"}],"curies":[{"name":"wp","href":"https:\/\/api.w.org\/{rel}","templated":true}]}}