{"id":523351,"date":"2024-01-23T14:19:13","date_gmt":"2024-01-23T20:19:13","guid":{"rendered":"https:\/\/www.zunoticia.com\/noticias-de-hidalgo\/?p=523351"},"modified":"2024-01-23T14:19:16","modified_gmt":"2024-01-23T20:19:16","slug":"transportistas-agradecen-rehabilitacion-de-la-calle-palma","status":"publish","type":"post","link":"https:\/\/www.zunoticia.com\/noticias-de-hidalgo\/2024\/01\/23\/transportistas-agradecen-rehabilitacion-de-la-calle-palma\/","title":{"rendered":"Transportistas agradecen rehabilitaci\u00f3n de la calle Palma"},"content":{"rendered":"<aside class=\"mashsb-container mashsb-main mashsb-stretched\"><div class=\"mashsb-box\"><div class=\"mashsb-count mash-large\" style=\"float:left\"><div class=\"counts mashsbcount\">20<\/div><span class=\"mashsb-sharetext\">SHARES<\/span><\/div><div class=\"mashsb-buttons\"><a class=\"mashicon-facebook mash-large mash-center mashsb-noshadow\" href=\"https:\/\/www.facebook.com\/sharer.php?u=https%3A%2F%2Fwww.zunoticia.com%2Fnoticias-de-hidalgo%2F2024%2F01%2F23%2Ftransportistas-agradecen-rehabilitacion-de-la-calle-palma%2F\" target=\"_top\" rel=\"nofollow\"><span class=\"icon\"><\/span><span class=\"text\">Share<\/span><\/a><a class=\"mashicon-twitter mash-large mash-center mashsb-noshadow\" href=\"https:\/\/twitter.com\/intent\/tweet?text=&amp;url=https:\/\/www.zunoticia.com\/noticias-de-hidalgo\/2024\/01\/23\/transportistas-agradecen-rehabilitacion-de-la-calle-palma\/\" target=\"_top\" rel=\"nofollow\"><span class=\"icon\"><\/span><span class=\"text\">Tweet<\/span><\/a><div class=\"onoffswitch2 mash-large mashsb-noshadow\" style=\"display:none\"><\/div><\/div>\n            <\/div>\n                <div style=\"clear:both\"><\/div><div class=\"mashsb-toggle-container\"><\/div><\/aside>\n            <!-- Share buttons by mashshare.net - Version: 4.0.47-->\n<p><em>Por Salvador Altamirano\/Zunoticia<\/em><\/p>\n\n\n\n<p><strong>Huejutla, Hgo.-<\/strong> Conductores de unidades del servicio p\u00fablico de transporte en modalidad urbana, concretamente de la l\u00ednea que otorga servicio a la colonia Magisterial, agradecen p\u00fablicamente al presidente municipal, Daniel Andrade Zurutuza, por las labores que se est\u00e1n llevando a cabo tendientes a rehabilitar la calle Palma.<\/p>\n\n\n\n<p>Agregaron que, la referida arteria vehicular es el acceso principal a la colonia Magisterial, as\u00ed como el trecho autorizado de su ruta por la Secretar\u00eda de Transporte y Movilidad del Estado, el cual se encontraba en p\u00e9simas condiciones, casi intransitable.<\/p>\n\n\n\n<p>Enfatizaron que, seg\u00fan tienen conocimiento, la importante obra se est\u00e1 cristalizado &#8220;tras muchos a\u00f1os de gesti\u00f3n&#8221; -dijeron-, de sucesivos delegados de la colonia Colalambre, a cuyo sector corresponde la calle, pero no hab\u00edan tenido una respuesta positiva.<\/p>\n\n\n\n<p>En el mismo contexto, comentaron que, de manera simult\u00e1nea se est\u00e1 tambi\u00e9n reparando la calle Tolteca, de la colonia Nueva Tenochtitla, que aunque no es de su ruta, es continuidad de la calle Palma hacia la colonia Villa de Guadalupe y aleda\u00f1as.<\/p>\n\n\n\n<p>Para finalizar, los conductores de unidades de transporte p\u00fablico que otorgan servicio a la colonia Magisterial y anexos, elogiaron tambi\u00e9n la rehabilitaci\u00f3n de muchas calles de la cabecera que estaban en deplorables condiciones, con lo que el mandatario municipal -acentuaron-, deja un buen precedente.<\/p>\n\n\n\n<figure class=\"wp-block-image size-full\"><img fetchpriority=\"high\" decoding=\"async\" width=\"933\" height=\"524\" src=\"https:\/\/www.zunoticia.com\/noticias-de-hidalgo\/wp-content\/uploads\/2024\/01\/Zunoticia-Huejutla-1-11.jpg\" alt=\"\" class=\"wp-image-523353\"\/><\/figure>\n","protected":false},"excerpt":{"rendered":"<p>Por Salvador Altamirano\/Zunoticia Huejutla, Hgo.- Conductores de unidades del servicio p\u00fablico de transporte en modalidad urbana, concretamente de la l\u00ednea que otorga servicio a la colonia Magisterial, agradecen p\u00fablicamente al presidente municipal, Daniel Andrade Zurutuza, por las labores que se est\u00e1n llevando a cabo tendientes a rehabilitar la calle Palma. Agregaron que, la referida arteria&hellip; <a class=\"more-link\" href=\"https:\/\/www.zunoticia.com\/noticias-de-hidalgo\/2024\/01\/23\/transportistas-agradecen-rehabilitacion-de-la-calle-palma\/\">Seguir leyendo <span class=\"screen-reader-text\">Transportistas agradecen rehabilitaci\u00f3n de la calle Palma<\/span><\/a><\/p>\n","protected":false},"author":20,"featured_media":523352,"comment_status":"open","ping_status":"open","sticky":false,"template":"","format":"standard","meta":{"rop_custom_images_group":[],"rop_custom_messages_group":[],"rop_publish_now":"initial","rop_publish_now_accounts":{"facebook_10159540855086992_322828327761733":""},"rop_publish_now_history":[],"rop_publish_now_status":"pending","footnotes":""},"categories":[181],"tags":[121],"class_list":["post-523351","post","type-post","status-publish","format-standard","has-post-thumbnail","hentry","category-huejutla","tag-huejutla","entry"],"_links":{"self":[{"href":"https:\/\/www.zunoticia.com\/noticias-de-hidalgo\/wp-json\/wp\/v2\/posts\/523351","targetHints":{"allow":["GET"]}}],"collection":[{"href":"https:\/\/www.zunoticia.com\/noticias-de-hidalgo\/wp-json\/wp\/v2\/posts"}],"about":[{"href":"https:\/\/www.zunoticia.com\/noticias-de-hidalgo\/wp-json\/wp\/v2\/types\/post"}],"author":[{"embeddable":true,"href":"https:\/\/www.zunoticia.com\/noticias-de-hidalgo\/wp-json\/wp\/v2\/users\/20"}],"replies":[{"embeddable":true,"href":"https:\/\/www.zunoticia.com\/noticias-de-hidalgo\/wp-json\/wp\/v2\/comments?post=523351"}],"version-history":[{"count":1,"href":"https:\/\/www.zunoticia.com\/noticias-de-hidalgo\/wp-json\/wp\/v2\/posts\/523351\/revisions"}],"predecessor-version":[{"id":523354,"href":"https:\/\/www.zunoticia.com\/noticias-de-hidalgo\/wp-json\/wp\/v2\/posts\/523351\/revisions\/523354"}],"wp:featuredmedia":[{"embeddable":true,"href":"https:\/\/www.zunoticia.com\/noticias-de-hidalgo\/wp-json\/wp\/v2\/media\/523352"}],"wp:attachment":[{"href":"https:\/\/www.zunoticia.com\/noticias-de-hidalgo\/wp-json\/wp\/v2\/media?parent=523351"}],"wp:term":[{"taxonomy":"category","embeddable":true,"href":"https:\/\/www.zunoticia.com\/noticias-de-hidalgo\/wp-json\/wp\/v2\/categories?post=523351"},{"taxonomy":"post_tag","embeddable":true,"href":"https:\/\/www.zunoticia.com\/noticias-de-hidalgo\/wp-json\/wp\/v2\/tags?post=523351"}],"curies":[{"name":"wp","href":"https:\/\/api.w.org\/{rel}","templated":true}]}}