{"id":523359,"date":"2024-01-23T14:59:36","date_gmt":"2024-01-23T20:59:36","guid":{"rendered":"https:\/\/www.zunoticia.com\/noticias-de-hidalgo\/?p=523359"},"modified":"2024-01-23T14:59:39","modified_gmt":"2024-01-23T20:59:39","slug":"daniel-andrade-inicia-audiencias-con-delegados-de-colonias-y-comunidades","status":"publish","type":"post","link":"https:\/\/www.zunoticia.com\/noticias-de-hidalgo\/2024\/01\/23\/daniel-andrade-inicia-audiencias-con-delegados-de-colonias-y-comunidades\/","title":{"rendered":"Daniel Andrade inicia audiencias con delegados de colonias y comunidades"},"content":{"rendered":"<aside class=\"mashsb-container mashsb-main mashsb-stretched\"><div class=\"mashsb-box\"><div class=\"mashsb-count mash-large\" style=\"float:left\"><div class=\"counts mashsbcount\">19<\/div><span class=\"mashsb-sharetext\">SHARES<\/span><\/div><div class=\"mashsb-buttons\"><a class=\"mashicon-facebook mash-large mash-center mashsb-noshadow\" href=\"https:\/\/www.facebook.com\/sharer.php?u=https%3A%2F%2Fwww.zunoticia.com%2Fnoticias-de-hidalgo%2F2024%2F01%2F23%2Fdaniel-andrade-inicia-audiencias-con-delegados-de-colonias-y-comunidades%2F\" target=\"_top\" rel=\"nofollow\"><span class=\"icon\"><\/span><span class=\"text\">Share<\/span><\/a><a class=\"mashicon-twitter mash-large mash-center mashsb-noshadow\" href=\"https:\/\/twitter.com\/intent\/tweet?text=&amp;url=https:\/\/www.zunoticia.com\/noticias-de-hidalgo\/2024\/01\/23\/daniel-andrade-inicia-audiencias-con-delegados-de-colonias-y-comunidades\/\" target=\"_top\" rel=\"nofollow\"><span class=\"icon\"><\/span><span class=\"text\">Tweet<\/span><\/a><div class=\"onoffswitch2 mash-large mashsb-noshadow\" style=\"display:none\"><\/div><\/div>\n            <\/div>\n                <div style=\"clear:both\"><\/div><div class=\"mashsb-toggle-container\"><\/div><\/aside>\n            <!-- Share buttons by mashshare.net - Version: 4.0.47-->\n<ul class=\"wp-block-list\">\n<li>La toma de protesta de las autoridades electas ser\u00e1 a principios de febrero.<\/li>\n<\/ul>\n\n\n\n<p><em>Por Redacci\u00f3n\/Zunoticia<\/em><\/p>\n\n\n\n<p><strong>Huejutla, Hgo.-<\/strong> Ser\u00e1 el pr\u00f3ximo 9 de febrero cuando el C. P. Daniel Andrade Zurutuza, presidente municipal de Huejutla, encabece la ceremonia de toma de protesta de las y los delegados que representar\u00e1n a las y los habitantes de las colonias y comunidades del municipio, en el periodo correspondiente a este a\u00f1o 2024<\/p>\n\n\n\n<p>El alcalde coment\u00f3 que, el evento se llevar\u00e1 a cabo en los terrenos de la feria, lugar al que acudir\u00e1n los hombres y mujeres que fueron elegidos por sus propios vecinos en las asambleas de renovaci\u00f3n de mesas directivas que se realizaron a fines del 2023 o durante el primer mes del presente a\u00f1o; aclarando que, hasta el momento, se tiene conocimiento que en el 90% de las localidades ya se realiz\u00f3 el cambio de mesa directiva.<\/p>\n\n\n\n<p>En relaci\u00f3n al trabajo en unidad que se lleva a cabo con las autoridades electas, el presidente municipal dio a conocer que este martes 23 de enero iniciaron las audiencias con cada una de ellas, a fin de priorizar las obras y acciones que se aplicar\u00e1n para beneficio de las y los huejutlenses que representan, tomando en cuenta su opini\u00f3n respecto a los proyectos a implementar en los lugares en que viven.<\/p>\n\n\n\n<p>Al respecto, destac\u00f3 la importancia de generar estos acercamientos, mediante los cuales se fortalecen los v\u00ednculos entre el municipio y la poblaci\u00f3n, lo que a su vez permite que se d\u00e9 respuesta oportuna a cada uno de los planteamientos que les hagan llegar, privilegiando siempre el dialogo como herramienta para atender cada una de sus necesidades.<\/p>\n\n\n\n<p>Sobre la ceremonia, en la que se espera tomar protesta a las 315 personas que fungir\u00e1n como representantes de sus colonias o comunidades ante el municipio, dijo que, a la par de dicho acto protocolario, tambi\u00e9n se realizar\u00e1 la entrega de sus respectivos nombramientos y sellos, con lo que se les reconocer\u00e1 oficialmente como delegados o delegadas, seg\u00fan sea el caso.<\/p>\n\n\n\n<figure class=\"wp-block-gallery has-nested-images columns-default is-cropped wp-block-gallery-1 is-layout-flex wp-block-gallery-is-layout-flex\">\n<figure class=\"wp-block-image size-large\"><img fetchpriority=\"high\" decoding=\"async\" width=\"933\" height=\"524\" data-id=\"523361\" src=\"https:\/\/www.zunoticia.com\/noticias-de-hidalgo\/wp-content\/uploads\/2024\/01\/Zunoticia-Huejutla-2-3.jpg\" alt=\"\" class=\"wp-image-523361\"\/><\/figure>\n\n\n\n<figure class=\"wp-block-image size-large\"><img decoding=\"async\" width=\"933\" height=\"524\" data-id=\"523362\" src=\"https:\/\/www.zunoticia.com\/noticias-de-hidalgo\/wp-content\/uploads\/2024\/01\/Zunoticia-Huejutla-1-12.jpg\" alt=\"\" class=\"wp-image-523362\"\/><\/figure>\n<\/figure>\n","protected":false},"excerpt":{"rendered":"<p>Por Redacci\u00f3n\/Zunoticia Huejutla, Hgo.- Ser\u00e1 el pr\u00f3ximo 9 de febrero cuando el C. P. Daniel Andrade Zurutuza, presidente municipal de Huejutla, encabece la ceremonia de toma de protesta de las y los delegados que representar\u00e1n a las y los habitantes de las colonias y comunidades del municipio, en el periodo correspondiente a este a\u00f1o 2024&hellip; <a class=\"more-link\" href=\"https:\/\/www.zunoticia.com\/noticias-de-hidalgo\/2024\/01\/23\/daniel-andrade-inicia-audiencias-con-delegados-de-colonias-y-comunidades\/\">Seguir leyendo <span class=\"screen-reader-text\">Daniel Andrade inicia audiencias con delegados de colonias y comunidades<\/span><\/a><\/p>\n","protected":false},"author":20,"featured_media":523360,"comment_status":"open","ping_status":"open","sticky":false,"template":"","format":"standard","meta":{"rop_custom_images_group":[],"rop_custom_messages_group":[],"rop_publish_now":"initial","rop_publish_now_accounts":{"facebook_10159540855086992_322828327761733":""},"rop_publish_now_history":[],"rop_publish_now_status":"pending","footnotes":""},"categories":[181],"tags":[121],"class_list":["post-523359","post","type-post","status-publish","format-standard","has-post-thumbnail","hentry","category-huejutla","tag-huejutla","entry"],"_links":{"self":[{"href":"https:\/\/www.zunoticia.com\/noticias-de-hidalgo\/wp-json\/wp\/v2\/posts\/523359","targetHints":{"allow":["GET"]}}],"collection":[{"href":"https:\/\/www.zunoticia.com\/noticias-de-hidalgo\/wp-json\/wp\/v2\/posts"}],"about":[{"href":"https:\/\/www.zunoticia.com\/noticias-de-hidalgo\/wp-json\/wp\/v2\/types\/post"}],"author":[{"embeddable":true,"href":"https:\/\/www.zunoticia.com\/noticias-de-hidalgo\/wp-json\/wp\/v2\/users\/20"}],"replies":[{"embeddable":true,"href":"https:\/\/www.zunoticia.com\/noticias-de-hidalgo\/wp-json\/wp\/v2\/comments?post=523359"}],"version-history":[{"count":1,"href":"https:\/\/www.zunoticia.com\/noticias-de-hidalgo\/wp-json\/wp\/v2\/posts\/523359\/revisions"}],"predecessor-version":[{"id":523363,"href":"https:\/\/www.zunoticia.com\/noticias-de-hidalgo\/wp-json\/wp\/v2\/posts\/523359\/revisions\/523363"}],"wp:featuredmedia":[{"embeddable":true,"href":"https:\/\/www.zunoticia.com\/noticias-de-hidalgo\/wp-json\/wp\/v2\/media\/523360"}],"wp:attachment":[{"href":"https:\/\/www.zunoticia.com\/noticias-de-hidalgo\/wp-json\/wp\/v2\/media?parent=523359"}],"wp:term":[{"taxonomy":"category","embeddable":true,"href":"https:\/\/www.zunoticia.com\/noticias-de-hidalgo\/wp-json\/wp\/v2\/categories?post=523359"},{"taxonomy":"post_tag","embeddable":true,"href":"https:\/\/www.zunoticia.com\/noticias-de-hidalgo\/wp-json\/wp\/v2\/tags?post=523359"}],"curies":[{"name":"wp","href":"https:\/\/api.w.org\/{rel}","templated":true}]}}