{"id":523364,"date":"2024-01-23T15:06:47","date_gmt":"2024-01-23T21:06:47","guid":{"rendered":"https:\/\/www.zunoticia.com\/noticias-de-hidalgo\/?p=523364"},"modified":"2024-01-23T15:06:50","modified_gmt":"2024-01-23T21:06:50","slug":"preocupa-a-padres-de-familia-de-la-telesecundaria-609-aula-inhabilitada","status":"publish","type":"post","link":"https:\/\/www.zunoticia.com\/noticias-de-hidalgo\/2024\/01\/23\/preocupa-a-padres-de-familia-de-la-telesecundaria-609-aula-inhabilitada\/","title":{"rendered":"Preocupa a padres de familia de la Telesecundaria 609, aula inhabilitada"},"content":{"rendered":"<aside class=\"mashsb-container mashsb-main mashsb-stretched\"><div class=\"mashsb-box\"><div class=\"mashsb-count mash-large\" style=\"float:left\"><div class=\"counts mashsbcount\">33<\/div><span class=\"mashsb-sharetext\">SHARES<\/span><\/div><div class=\"mashsb-buttons\"><a class=\"mashicon-facebook mash-large mash-center mashsb-noshadow\" href=\"https:\/\/www.facebook.com\/sharer.php?u=https%3A%2F%2Fwww.zunoticia.com%2Fnoticias-de-hidalgo%2F2024%2F01%2F23%2Fpreocupa-a-padres-de-familia-de-la-telesecundaria-609-aula-inhabilitada%2F\" target=\"_top\" rel=\"nofollow\"><span class=\"icon\"><\/span><span class=\"text\">Share<\/span><\/a><a class=\"mashicon-twitter mash-large mash-center mashsb-noshadow\" href=\"https:\/\/twitter.com\/intent\/tweet?text=&amp;url=https:\/\/www.zunoticia.com\/noticias-de-hidalgo\/2024\/01\/23\/preocupa-a-padres-de-familia-de-la-telesecundaria-609-aula-inhabilitada\/\" target=\"_top\" rel=\"nofollow\"><span class=\"icon\"><\/span><span class=\"text\">Tweet<\/span><\/a><div class=\"onoffswitch2 mash-large mashsb-noshadow\" style=\"display:none\"><\/div><\/div>\n            <\/div>\n                <div style=\"clear:both\"><\/div><div class=\"mashsb-toggle-container\"><\/div><\/aside>\n            <!-- Share buttons by mashshare.net - Version: 4.0.47-->\n<p><em>Por Salvador Altamirano\/Zunoticia<\/em><\/p>\n\n\n\n<p><strong>Huejutla, Hgo<\/strong>.- Integrantes del Comit\u00e9 de Padres de Familia de la Escuela Telesecundaria 609, de la colonia Chacatitla, manifestaron que hay un aula cuyo techo est\u00e1 deteriorado, hundido, por lo que ya no se utiliza y los alumnos que la ocupan est\u00e1n recibiendo clases en un espacio peque\u00f1o y por ende inc\u00f3modo.<\/p>\n\n\n\n<p>Entrevistado al respecto, el director de la instituci\u00f3n educativa, Edgar Crist\u00f3bal Lara Sifuentes, espec\u00edfico que efectivamente, hay un aula que est\u00e1 inhabilitada por la direcci\u00f3n de Protecci\u00f3n Civil Municipal, ya que no est\u00e1 en condiciones de laborar en su interior, por lo que un grupo de 30 alumnos reciben clases en la biblioteca, cuyo espacio es muy reducido.<\/p>\n\n\n\n<p>Agreg\u00f3 que lo anterior, aunado a que tanto los alumnos como el docente no tienen comodidad, por el hacinamiento corren el riesgo de contraer alguna enfermedad de car\u00e1cter respiratorio, como covid, influenza o gripe, muy comunes en la actual temporada invernal, por lo que exhort\u00f3 a los padres de familia que el primer filtro lo implementen en sus hogares, que la instituci\u00f3n hace lo propio y no env\u00eden a sus hijos si presentan alg\u00fan s\u00edntoma.<\/p>\n\n\n\n<p>A pregunta expresa, refiri\u00f3 que en calidad de director ya realiz\u00f3 la gesti\u00f3n pertinente ante la Secretar\u00eda de Educaci\u00f3n P\u00fablica (SEP), la cual fue turnada al INIFE, de donde enviaron a un supervisor que posterior a una evaluaci\u00f3n de da\u00f1os, diagnostic\u00f3 que el sal\u00f3n requiere demolici\u00f3n y construcci\u00f3n de una nueva, mientras les enviar\u00e1n un aula m\u00f3vil.<\/p>\n\n\n\n<p>Para finalizar, Lara Sifuentes solicit\u00f3, con el debido respeto a las autoridades educativas correspondientes, que los apoyen para darle pronta soluci\u00f3n a la problem\u00e1tica que tienen en la instituci\u00f3n, ya que el aula les hace mucha falta por el bien de la poblaci\u00f3n estudiantil.<\/p>\n\n\n\n<figure class=\"wp-block-gallery has-nested-images columns-default is-cropped wp-block-gallery-1 is-layout-flex wp-block-gallery-is-layout-flex\">\n<figure class=\"wp-block-image size-large\"><img fetchpriority=\"high\" decoding=\"async\" width=\"933\" height=\"524\" data-id=\"523367\" src=\"https:\/\/www.zunoticia.com\/noticias-de-hidalgo\/wp-content\/uploads\/2024\/01\/Zunoticia-Huejutla-2-4.jpg\" alt=\"\" class=\"wp-image-523367\"\/><\/figure>\n\n\n\n<figure class=\"wp-block-image size-large\"><img decoding=\"async\" width=\"933\" height=\"524\" data-id=\"523366\" src=\"https:\/\/www.zunoticia.com\/noticias-de-hidalgo\/wp-content\/uploads\/2024\/01\/Zunoticia-Huejutla-1-13.jpg\" alt=\"\" class=\"wp-image-523366\"\/><\/figure>\n<\/figure>\n","protected":false},"excerpt":{"rendered":"<p>Por Salvador Altamirano\/Zunoticia Huejutla, Hgo.- Integrantes del Comit\u00e9 de Padres de Familia de la Escuela Telesecundaria 609, de la colonia Chacatitla, manifestaron que hay un aula cuyo techo est\u00e1 deteriorado, hundido, por lo que ya no se utiliza y los alumnos que la ocupan est\u00e1n recibiendo clases en un espacio peque\u00f1o y por ende inc\u00f3modo.&hellip; <a class=\"more-link\" href=\"https:\/\/www.zunoticia.com\/noticias-de-hidalgo\/2024\/01\/23\/preocupa-a-padres-de-familia-de-la-telesecundaria-609-aula-inhabilitada\/\">Seguir leyendo <span class=\"screen-reader-text\">Preocupa a padres de familia de la Telesecundaria 609, aula inhabilitada<\/span><\/a><\/p>\n","protected":false},"author":20,"featured_media":523365,"comment_status":"open","ping_status":"open","sticky":false,"template":"","format":"standard","meta":{"rop_custom_images_group":[],"rop_custom_messages_group":[],"rop_publish_now":"initial","rop_publish_now_accounts":{"facebook_10159540855086992_322828327761733":""},"rop_publish_now_history":[],"rop_publish_now_status":"pending","footnotes":""},"categories":[181],"tags":[121],"class_list":["post-523364","post","type-post","status-publish","format-standard","has-post-thumbnail","hentry","category-huejutla","tag-huejutla","entry"],"_links":{"self":[{"href":"https:\/\/www.zunoticia.com\/noticias-de-hidalgo\/wp-json\/wp\/v2\/posts\/523364","targetHints":{"allow":["GET"]}}],"collection":[{"href":"https:\/\/www.zunoticia.com\/noticias-de-hidalgo\/wp-json\/wp\/v2\/posts"}],"about":[{"href":"https:\/\/www.zunoticia.com\/noticias-de-hidalgo\/wp-json\/wp\/v2\/types\/post"}],"author":[{"embeddable":true,"href":"https:\/\/www.zunoticia.com\/noticias-de-hidalgo\/wp-json\/wp\/v2\/users\/20"}],"replies":[{"embeddable":true,"href":"https:\/\/www.zunoticia.com\/noticias-de-hidalgo\/wp-json\/wp\/v2\/comments?post=523364"}],"version-history":[{"count":1,"href":"https:\/\/www.zunoticia.com\/noticias-de-hidalgo\/wp-json\/wp\/v2\/posts\/523364\/revisions"}],"predecessor-version":[{"id":523368,"href":"https:\/\/www.zunoticia.com\/noticias-de-hidalgo\/wp-json\/wp\/v2\/posts\/523364\/revisions\/523368"}],"wp:featuredmedia":[{"embeddable":true,"href":"https:\/\/www.zunoticia.com\/noticias-de-hidalgo\/wp-json\/wp\/v2\/media\/523365"}],"wp:attachment":[{"href":"https:\/\/www.zunoticia.com\/noticias-de-hidalgo\/wp-json\/wp\/v2\/media?parent=523364"}],"wp:term":[{"taxonomy":"category","embeddable":true,"href":"https:\/\/www.zunoticia.com\/noticias-de-hidalgo\/wp-json\/wp\/v2\/categories?post=523364"},{"taxonomy":"post_tag","embeddable":true,"href":"https:\/\/www.zunoticia.com\/noticias-de-hidalgo\/wp-json\/wp\/v2\/tags?post=523364"}],"curies":[{"name":"wp","href":"https:\/\/api.w.org\/{rel}","templated":true}]}}