{"id":523375,"date":"2024-01-23T15:30:36","date_gmt":"2024-01-23T21:30:36","guid":{"rendered":"https:\/\/www.zunoticia.com\/noticias-de-hidalgo\/?p=523375"},"modified":"2024-01-23T15:30:39","modified_gmt":"2024-01-23T21:30:39","slug":"con-gran-satisfaccion-se-realizo-la-semana-de-formacion-sacerdotal-obispo","status":"publish","type":"post","link":"https:\/\/www.zunoticia.com\/noticias-de-hidalgo\/2024\/01\/23\/con-gran-satisfaccion-se-realizo-la-semana-de-formacion-sacerdotal-obispo\/","title":{"rendered":"Con gran satisfacci\u00f3n se realiz\u00f3 la Semana de Formaci\u00f3n Sacerdotal: Obispo"},"content":{"rendered":"<aside class=\"mashsb-container mashsb-main mashsb-stretched\"><div class=\"mashsb-box\"><div class=\"mashsb-count mash-large\" style=\"float:left\"><div class=\"counts mashsbcount\">11<\/div><span class=\"mashsb-sharetext\">SHARES<\/span><\/div><div class=\"mashsb-buttons\"><a class=\"mashicon-facebook mash-large mash-center mashsb-noshadow\" href=\"https:\/\/www.facebook.com\/sharer.php?u=https%3A%2F%2Fwww.zunoticia.com%2Fnoticias-de-hidalgo%2F2024%2F01%2F23%2Fcon-gran-satisfaccion-se-realizo-la-semana-de-formacion-sacerdotal-obispo%2F\" target=\"_top\" rel=\"nofollow\"><span class=\"icon\"><\/span><span class=\"text\">Share<\/span><\/a><a class=\"mashicon-twitter mash-large mash-center mashsb-noshadow\" href=\"https:\/\/twitter.com\/intent\/tweet?text=&amp;url=https:\/\/www.zunoticia.com\/noticias-de-hidalgo\/2024\/01\/23\/con-gran-satisfaccion-se-realizo-la-semana-de-formacion-sacerdotal-obispo\/\" target=\"_top\" rel=\"nofollow\"><span class=\"icon\"><\/span><span class=\"text\">Tweet<\/span><\/a><div class=\"onoffswitch2 mash-large mashsb-noshadow\" style=\"display:none\"><\/div><\/div>\n            <\/div>\n                <div style=\"clear:both\"><\/div><div class=\"mashsb-toggle-container\"><\/div><\/aside>\n            <!-- Share buttons by mashshare.net - Version: 4.0.47-->\n<p><em>Por Enedino Hern\u00e1ndez\/Zunoticia<\/em><\/p>\n\n\n\n<p><strong>Huejutla, Hgo.-<\/strong> El Obispo de la Di\u00f3cesis de Huejutla de Reyes, Jos\u00e9 Hir\u00e1is Acosta Beltr\u00e1n, confirm\u00f3 que con gran satisfacci\u00f3n se realiz\u00f3 la Semana de Formaci\u00f3n Sacerdotal, en donde participaron los sacerdotes de las diversas parroquias de la Di\u00f3cesis.<\/p>\n\n\n\n<p>Dijo que, la Semana de Formaci\u00f3n Sacerdotal se realiz\u00f3 con el objetivo de impulsar el ser sacerdotal, el ejercicio pastoral del ministerio, \u201cpara afrontar desde nuestra vida personal una pastoral de comuni\u00f3n en los distintos niveles de nuestra iglesia local, diocesana, for\u00e1nea y parroquial\u201d.<\/p>\n\n\n\n<p>El evento se realiz\u00f3 del 15 al 19 de enero en el Seminario Mayor de Tlanchinol, en donde se analizaron diversos temas para poder prestar un mejor servicio pastoral a las parroquias, adem\u00e1s de fortalecer un crecimiento intelectual de cada uno de los sacerdotes.<\/p>\n\n\n\n<p>Expone que en esta Semana de Formaci\u00f3n Sacerdotal se profundizaron en el tema vocacional de la vida como ministros, como servidores del se\u00f1or, y con ello, continuar redimiendo el don del sacerdocio que se ha recibido.<\/p>\n\n\n\n<p>Jos\u00e9 Hir\u00e1is Acosta Beltr\u00e1n, agradeci\u00f3 a los sacerdotes de la Di\u00f3cesis de Huejutla que participaron en esta semana de formaci\u00f3n, la cual fue en la gran mayor\u00eda quienes se mostraron interesados por su crecimiento personal, espiritual y pastoral.<\/p>\n\n\n\n<p>Finaliza agradeciendo al Seminario Mayor que recibi\u00f3 a todo el personal y al pueblo de Dios que siempre se mantienen orando por los sacerdotes de la Di\u00f3cesis y contribuyendo con las actividades que se realizan en las parroquias y en la Di\u00f3cesis.<\/p>\n\n\n\n<p><\/p>\n","protected":false},"excerpt":{"rendered":"<p>Por Enedino Hern\u00e1ndez\/Zunoticia Huejutla, Hgo.- El Obispo de la Di\u00f3cesis de Huejutla de Reyes, Jos\u00e9 Hir\u00e1is Acosta Beltr\u00e1n, confirm\u00f3 que con gran satisfacci\u00f3n se realiz\u00f3 la Semana de Formaci\u00f3n Sacerdotal, en donde participaron los sacerdotes de las diversas parroquias de la Di\u00f3cesis. Dijo que, la Semana de Formaci\u00f3n Sacerdotal se realiz\u00f3 con el objetivo de&hellip; <a class=\"more-link\" href=\"https:\/\/www.zunoticia.com\/noticias-de-hidalgo\/2024\/01\/23\/con-gran-satisfaccion-se-realizo-la-semana-de-formacion-sacerdotal-obispo\/\">Seguir leyendo <span class=\"screen-reader-text\">Con gran satisfacci\u00f3n se realiz\u00f3 la Semana de Formaci\u00f3n Sacerdotal: Obispo<\/span><\/a><\/p>\n","protected":false},"author":20,"featured_media":523376,"comment_status":"open","ping_status":"open","sticky":false,"template":"","format":"standard","meta":{"rop_custom_images_group":[],"rop_custom_messages_group":[],"rop_publish_now":"initial","rop_publish_now_accounts":{"facebook_10159540855086992_322828327761733":""},"rop_publish_now_history":[],"rop_publish_now_status":"pending","footnotes":""},"categories":[181],"tags":[121],"class_list":["post-523375","post","type-post","status-publish","format-standard","has-post-thumbnail","hentry","category-huejutla","tag-huejutla","entry"],"_links":{"self":[{"href":"https:\/\/www.zunoticia.com\/noticias-de-hidalgo\/wp-json\/wp\/v2\/posts\/523375","targetHints":{"allow":["GET"]}}],"collection":[{"href":"https:\/\/www.zunoticia.com\/noticias-de-hidalgo\/wp-json\/wp\/v2\/posts"}],"about":[{"href":"https:\/\/www.zunoticia.com\/noticias-de-hidalgo\/wp-json\/wp\/v2\/types\/post"}],"author":[{"embeddable":true,"href":"https:\/\/www.zunoticia.com\/noticias-de-hidalgo\/wp-json\/wp\/v2\/users\/20"}],"replies":[{"embeddable":true,"href":"https:\/\/www.zunoticia.com\/noticias-de-hidalgo\/wp-json\/wp\/v2\/comments?post=523375"}],"version-history":[{"count":1,"href":"https:\/\/www.zunoticia.com\/noticias-de-hidalgo\/wp-json\/wp\/v2\/posts\/523375\/revisions"}],"predecessor-version":[{"id":523377,"href":"https:\/\/www.zunoticia.com\/noticias-de-hidalgo\/wp-json\/wp\/v2\/posts\/523375\/revisions\/523377"}],"wp:featuredmedia":[{"embeddable":true,"href":"https:\/\/www.zunoticia.com\/noticias-de-hidalgo\/wp-json\/wp\/v2\/media\/523376"}],"wp:attachment":[{"href":"https:\/\/www.zunoticia.com\/noticias-de-hidalgo\/wp-json\/wp\/v2\/media?parent=523375"}],"wp:term":[{"taxonomy":"category","embeddable":true,"href":"https:\/\/www.zunoticia.com\/noticias-de-hidalgo\/wp-json\/wp\/v2\/categories?post=523375"},{"taxonomy":"post_tag","embeddable":true,"href":"https:\/\/www.zunoticia.com\/noticias-de-hidalgo\/wp-json\/wp\/v2\/tags?post=523375"}],"curies":[{"name":"wp","href":"https:\/\/api.w.org\/{rel}","templated":true}]}}