{"id":523378,"date":"2024-01-23T15:40:55","date_gmt":"2024-01-23T21:40:55","guid":{"rendered":"https:\/\/www.zunoticia.com\/noticias-de-hidalgo\/?p=523378"},"modified":"2024-01-23T15:40:58","modified_gmt":"2024-01-23T21:40:58","slug":"inicia-ine-capacitacion-a-los-caes","status":"publish","type":"post","link":"https:\/\/www.zunoticia.com\/noticias-de-hidalgo\/2024\/01\/23\/inicia-ine-capacitacion-a-los-caes\/","title":{"rendered":"Inicia INE Capacitaci\u00f3n a los CAEs"},"content":{"rendered":"<aside class=\"mashsb-container mashsb-main mashsb-stretched\"><div class=\"mashsb-box\"><div class=\"mashsb-count mash-large\" style=\"float:left\"><div class=\"counts mashsbcount\">2<\/div><span class=\"mashsb-sharetext\">SHARES<\/span><\/div><div class=\"mashsb-buttons\"><a class=\"mashicon-facebook mash-large mash-center mashsb-noshadow\" href=\"https:\/\/www.facebook.com\/sharer.php?u=https%3A%2F%2Fwww.zunoticia.com%2Fnoticias-de-hidalgo%2F2024%2F01%2F23%2Finicia-ine-capacitacion-a-los-caes%2F\" target=\"_top\" rel=\"nofollow\"><span class=\"icon\"><\/span><span class=\"text\">Share<\/span><\/a><a class=\"mashicon-twitter mash-large mash-center mashsb-noshadow\" href=\"https:\/\/twitter.com\/intent\/tweet?text=&amp;url=https:\/\/www.zunoticia.com\/noticias-de-hidalgo\/2024\/01\/23\/inicia-ine-capacitacion-a-los-caes\/\" target=\"_top\" rel=\"nofollow\"><span class=\"icon\"><\/span><span class=\"text\">Tweet<\/span><\/a><div class=\"onoffswitch2 mash-large mashsb-noshadow\" style=\"display:none\"><\/div><\/div>\n            <\/div>\n                <div style=\"clear:both\"><\/div><div class=\"mashsb-toggle-container\"><\/div><\/aside>\n            <!-- Share buttons by mashshare.net - Version: 4.0.47-->\n<p><em>Por Enedino Hern\u00e1ndez\/Zunoticia<\/em><\/p>\n\n\n\n<p><strong>Huejutla de Reyes, Hgo<\/strong>. &#8211; Con motivo del Proceso Electoral Local y Federal 2023-2024, el Instituto Nacional Electoral (INE) en Huejutla de Reyes inicia con el proceso de la respectiva Capacitaci\u00f3n a los ciudadanos, quienes fueron seleccionados oportunamente como Capacitadores Asistentes Electorales mejor conocidos como CAEs.<\/p>\n\n\n\n<p>El vocal de Capacitaci\u00f3n y Educaci\u00f3n C\u00edvica del INE en Huejutla de Reyes, Pedro del \u00c1ngel Badillo, dijo que, en d\u00edas pasados primeramente se brind\u00f3 la capacitaci\u00f3n a los Supervisores Electorales y ahora se procede en capacitar a los Capacitadores Asistentes Electorales.<\/p>\n\n\n\n<p>Asimismo, detall\u00f3 que la capacitaci\u00f3n se inicia a partir del 24 al 30 de enero, y en total son 161 ciudadanos que fueron seleccionados y que ser\u00e1n capacitados en las funciones de Capacitadores Asistentes Electorales.<\/p>\n\n\n\n<p>Adelant\u00f3 que, despu\u00e9s de la capacitaci\u00f3n a Supervisores y Capacitadores Asistentes Electorales, se tendr\u00e1 la primera insaculaci\u00f3n de los ciudadanos para que sean capacitados como funcionarios de las mesas directivas de casillas.<\/p>\n\n\n\n<p>Pedro del \u00c1ngel Badillo, pide a los ciudadanos que en su momento sean insaculados o seleccionados para que participen en las capacitaciones para funcionarios de las mesas directivas de casillas \u201cque participen, previamente los Supervisores y Capacitadores Asistentes Electorales los estar\u00e1n visitando debidamente identificados\u201d.<\/p>\n\n\n\n<p><\/p>\n","protected":false},"excerpt":{"rendered":"<p>Por Enedino Hern\u00e1ndez\/Zunoticia Huejutla de Reyes, Hgo. &#8211; Con motivo del Proceso Electoral Local y Federal 2023-2024, el Instituto Nacional Electoral (INE) en Huejutla de Reyes inicia con el proceso de la respectiva Capacitaci\u00f3n a los ciudadanos, quienes fueron seleccionados oportunamente como Capacitadores Asistentes Electorales mejor conocidos como CAEs. El vocal de Capacitaci\u00f3n y Educaci\u00f3n&hellip; <a class=\"more-link\" href=\"https:\/\/www.zunoticia.com\/noticias-de-hidalgo\/2024\/01\/23\/inicia-ine-capacitacion-a-los-caes\/\">Seguir leyendo <span class=\"screen-reader-text\">Inicia INE Capacitaci\u00f3n a los CAEs<\/span><\/a><\/p>\n","protected":false},"author":20,"featured_media":523379,"comment_status":"open","ping_status":"open","sticky":false,"template":"","format":"standard","meta":{"rop_custom_images_group":[],"rop_custom_messages_group":[],"rop_publish_now":"initial","rop_publish_now_accounts":{"facebook_10159540855086992_322828327761733":""},"rop_publish_now_history":[],"rop_publish_now_status":"pending","footnotes":""},"categories":[181],"tags":[121],"class_list":["post-523378","post","type-post","status-publish","format-standard","has-post-thumbnail","hentry","category-huejutla","tag-huejutla","entry"],"_links":{"self":[{"href":"https:\/\/www.zunoticia.com\/noticias-de-hidalgo\/wp-json\/wp\/v2\/posts\/523378","targetHints":{"allow":["GET"]}}],"collection":[{"href":"https:\/\/www.zunoticia.com\/noticias-de-hidalgo\/wp-json\/wp\/v2\/posts"}],"about":[{"href":"https:\/\/www.zunoticia.com\/noticias-de-hidalgo\/wp-json\/wp\/v2\/types\/post"}],"author":[{"embeddable":true,"href":"https:\/\/www.zunoticia.com\/noticias-de-hidalgo\/wp-json\/wp\/v2\/users\/20"}],"replies":[{"embeddable":true,"href":"https:\/\/www.zunoticia.com\/noticias-de-hidalgo\/wp-json\/wp\/v2\/comments?post=523378"}],"version-history":[{"count":1,"href":"https:\/\/www.zunoticia.com\/noticias-de-hidalgo\/wp-json\/wp\/v2\/posts\/523378\/revisions"}],"predecessor-version":[{"id":523380,"href":"https:\/\/www.zunoticia.com\/noticias-de-hidalgo\/wp-json\/wp\/v2\/posts\/523378\/revisions\/523380"}],"wp:featuredmedia":[{"embeddable":true,"href":"https:\/\/www.zunoticia.com\/noticias-de-hidalgo\/wp-json\/wp\/v2\/media\/523379"}],"wp:attachment":[{"href":"https:\/\/www.zunoticia.com\/noticias-de-hidalgo\/wp-json\/wp\/v2\/media?parent=523378"}],"wp:term":[{"taxonomy":"category","embeddable":true,"href":"https:\/\/www.zunoticia.com\/noticias-de-hidalgo\/wp-json\/wp\/v2\/categories?post=523378"},{"taxonomy":"post_tag","embeddable":true,"href":"https:\/\/www.zunoticia.com\/noticias-de-hidalgo\/wp-json\/wp\/v2\/tags?post=523378"}],"curies":[{"name":"wp","href":"https:\/\/api.w.org\/{rel}","templated":true}]}}