{"id":524294,"date":"2024-01-29T16:25:51","date_gmt":"2024-01-29T22:25:51","guid":{"rendered":"https:\/\/www.zunoticia.com\/noticias-de-hidalgo\/?p=524294"},"modified":"2024-01-29T16:25:55","modified_gmt":"2024-01-29T22:25:55","slug":"cecythe-huejutla-reanuda-actividades-academicas","status":"publish","type":"post","link":"https:\/\/www.zunoticia.com\/noticias-de-hidalgo\/2024\/01\/29\/cecythe-huejutla-reanuda-actividades-academicas\/","title":{"rendered":"CECyTHE Huejutla reanuda actividades acad\u00e9micas"},"content":{"rendered":"<aside class=\"mashsb-container mashsb-main mashsb-stretched\"><div class=\"mashsb-box\"><div class=\"mashsb-count mash-large\" style=\"float:left\"><div class=\"counts mashsbcount\">3<\/div><span class=\"mashsb-sharetext\">SHARES<\/span><\/div><div class=\"mashsb-buttons\"><a class=\"mashicon-facebook mash-large mash-center mashsb-noshadow\" href=\"https:\/\/www.facebook.com\/sharer.php?u=https%3A%2F%2Fwww.zunoticia.com%2Fnoticias-de-hidalgo%2F2024%2F01%2F29%2Fcecythe-huejutla-reanuda-actividades-academicas%2F\" target=\"_top\" rel=\"nofollow\"><span class=\"icon\"><\/span><span class=\"text\">Share<\/span><\/a><a class=\"mashicon-twitter mash-large mash-center mashsb-noshadow\" href=\"https:\/\/twitter.com\/intent\/tweet?text=&amp;url=https:\/\/www.zunoticia.com\/noticias-de-hidalgo\/2024\/01\/29\/cecythe-huejutla-reanuda-actividades-academicas\/\" target=\"_top\" rel=\"nofollow\"><span class=\"icon\"><\/span><span class=\"text\">Tweet<\/span><\/a><div class=\"onoffswitch2 mash-large mashsb-noshadow\" style=\"display:none\"><\/div><\/div>\n            <\/div>\n                <div style=\"clear:both\"><\/div><div class=\"mashsb-toggle-container\"><\/div><\/aside>\n            <!-- Share buttons by mashshare.net - Version: 4.0.47-->\n<p><em>Por Gabriela Hern\u00e1ndez\/Zunoticia<\/em><\/p>\n\n\n\n<p><strong>Huejutla, Hgo.-<\/strong> Este lunes 29 de enero el Colegio de Estudios Cient\u00edficos y Tecnol\u00f3gicos del Estado de Hidalgo, (CECyTHE) plantel Huejutla, inici\u00f3 el semestre febrero- julio 2024, as\u00ed lo dio a conocer la directora Mayra Orta Hern\u00e1ndez.<\/p>\n\n\n\n<p>Con una matr\u00edcula de 1471 alumnos, 35 personal docente y 60 personal administrativo, se llev\u00f3 a cabo la bienvenida en punto de las 7:00 a.m., para que los estudiantes se incorporar\u00e1n a sus grupos.<\/p>\n\n\n\n<p>As\u00ed mismo, los alumnos de segundo cuatrimestre entraron este lunes a su primer d\u00eda de carrera de componente de formaci\u00f3n profesional, por otro lado, se llev\u00f3 a cabo la protesta de todos los alumnos por el d\u00eda &#8220;De la paz y no violencia&#8221;, donde se llevar\u00e1 a cabo una caminata el viernes, promoviendo este d\u00eda que involucra la participaci\u00f3n de todos los estudiantes.<\/p>\n\n\n\n<p>La directora de la instituci\u00f3n dijo sentirse muy contenta por la respuesta de los alumnos en el cumplimiento de sus reinscripciones, en el inicio de clases y sobre todo, ver la motivaci\u00f3n y entusiasmo con el que se presentaron al colegio.<\/p>\n\n\n\n<p>Se\u00f1al\u00f3 que, su expectativa principal en este inicio de ciclo escolar es el cumplimiento de todas las actividades que se lleven a cabo en este semestre, as\u00ed como las metas y prop\u00f3sitos que el colegio tiene.<\/p>\n\n\n\n<p>Finalmente agradeci\u00f3 a los padres de familia por el compromiso y confianza que han brindado a la instituci\u00f3n, as\u00ed como seguir motivando a los j\u00f3venes y que disfruten su paso por el colegio, no s\u00f3lo en lo acad\u00e9mico si no tambi\u00e9n en lo cultural y deportivo.<\/p>\n\n\n\n<figure class=\"wp-block-image size-full\"><img fetchpriority=\"high\" decoding=\"async\" width=\"933\" height=\"524\" src=\"https:\/\/www.zunoticia.com\/noticias-de-hidalgo\/wp-content\/uploads\/2024\/01\/Zunoticia-Huejutla-3-11.png\" alt=\"\" class=\"wp-image-524296\"\/><\/figure>\n","protected":false},"excerpt":{"rendered":"<p>Por Gabriela Hern\u00e1ndez\/Zunoticia Huejutla, Hgo.- Este lunes 29 de enero el Colegio de Estudios Cient\u00edficos y Tecnol\u00f3gicos del Estado de Hidalgo, (CECyTHE) plantel Huejutla, inici\u00f3 el semestre febrero- julio 2024, as\u00ed lo dio a conocer la directora Mayra Orta Hern\u00e1ndez. Con una matr\u00edcula de 1471 alumnos, 35 personal docente y 60 personal administrativo, se llev\u00f3&hellip; <a class=\"more-link\" href=\"https:\/\/www.zunoticia.com\/noticias-de-hidalgo\/2024\/01\/29\/cecythe-huejutla-reanuda-actividades-academicas\/\">Seguir leyendo <span class=\"screen-reader-text\">CECyTHE Huejutla reanuda actividades acad\u00e9micas<\/span><\/a><\/p>\n","protected":false},"author":20,"featured_media":524295,"comment_status":"open","ping_status":"open","sticky":false,"template":"","format":"standard","meta":{"rop_custom_images_group":[],"rop_custom_messages_group":[],"rop_publish_now":"initial","rop_publish_now_accounts":{"facebook_10159540855086992_322828327761733":""},"rop_publish_now_history":[],"rop_publish_now_status":"pending","footnotes":""},"categories":[181],"tags":[121],"class_list":["post-524294","post","type-post","status-publish","format-standard","has-post-thumbnail","hentry","category-huejutla","tag-huejutla","entry"],"_links":{"self":[{"href":"https:\/\/www.zunoticia.com\/noticias-de-hidalgo\/wp-json\/wp\/v2\/posts\/524294","targetHints":{"allow":["GET"]}}],"collection":[{"href":"https:\/\/www.zunoticia.com\/noticias-de-hidalgo\/wp-json\/wp\/v2\/posts"}],"about":[{"href":"https:\/\/www.zunoticia.com\/noticias-de-hidalgo\/wp-json\/wp\/v2\/types\/post"}],"author":[{"embeddable":true,"href":"https:\/\/www.zunoticia.com\/noticias-de-hidalgo\/wp-json\/wp\/v2\/users\/20"}],"replies":[{"embeddable":true,"href":"https:\/\/www.zunoticia.com\/noticias-de-hidalgo\/wp-json\/wp\/v2\/comments?post=524294"}],"version-history":[{"count":1,"href":"https:\/\/www.zunoticia.com\/noticias-de-hidalgo\/wp-json\/wp\/v2\/posts\/524294\/revisions"}],"predecessor-version":[{"id":524297,"href":"https:\/\/www.zunoticia.com\/noticias-de-hidalgo\/wp-json\/wp\/v2\/posts\/524294\/revisions\/524297"}],"wp:featuredmedia":[{"embeddable":true,"href":"https:\/\/www.zunoticia.com\/noticias-de-hidalgo\/wp-json\/wp\/v2\/media\/524295"}],"wp:attachment":[{"href":"https:\/\/www.zunoticia.com\/noticias-de-hidalgo\/wp-json\/wp\/v2\/media?parent=524294"}],"wp:term":[{"taxonomy":"category","embeddable":true,"href":"https:\/\/www.zunoticia.com\/noticias-de-hidalgo\/wp-json\/wp\/v2\/categories?post=524294"},{"taxonomy":"post_tag","embeddable":true,"href":"https:\/\/www.zunoticia.com\/noticias-de-hidalgo\/wp-json\/wp\/v2\/tags?post=524294"}],"curies":[{"name":"wp","href":"https:\/\/api.w.org\/{rel}","templated":true}]}}