{"id":524303,"date":"2024-01-29T16:43:14","date_gmt":"2024-01-29T22:43:14","guid":{"rendered":"https:\/\/www.zunoticia.com\/noticias-de-hidalgo\/?p=524303"},"modified":"2024-01-29T16:43:17","modified_gmt":"2024-01-29T22:43:17","slug":"sipinna-y-pamar-trabajan-por-el-bienestar-de-la-infancia-y-adolescencia-orizatlense","status":"publish","type":"post","link":"https:\/\/www.zunoticia.com\/noticias-de-hidalgo\/2024\/01\/29\/sipinna-y-pamar-trabajan-por-el-bienestar-de-la-infancia-y-adolescencia-orizatlense\/","title":{"rendered":"SIPINNA y PAMAR trabajan por el bienestar de la infancia y adolescencia orizatlense"},"content":{"rendered":"<aside class=\"mashsb-container mashsb-main mashsb-stretched\"><div class=\"mashsb-box\"><div class=\"mashsb-count mash-large\" style=\"float:left\"><div class=\"counts mashsbcount\">15<\/div><span class=\"mashsb-sharetext\">SHARES<\/span><\/div><div class=\"mashsb-buttons\"><a class=\"mashicon-facebook mash-large mash-center mashsb-noshadow\" href=\"https:\/\/www.facebook.com\/sharer.php?u=https%3A%2F%2Fwww.zunoticia.com%2Fnoticias-de-hidalgo%2F2024%2F01%2F29%2Fsipinna-y-pamar-trabajan-por-el-bienestar-de-la-infancia-y-adolescencia-orizatlense%2F\" target=\"_top\" rel=\"nofollow\"><span class=\"icon\"><\/span><span class=\"text\">Share<\/span><\/a><a class=\"mashicon-twitter mash-large mash-center mashsb-noshadow\" href=\"https:\/\/twitter.com\/intent\/tweet?text=&amp;url=https:\/\/www.zunoticia.com\/noticias-de-hidalgo\/2024\/01\/29\/sipinna-y-pamar-trabajan-por-el-bienestar-de-la-infancia-y-adolescencia-orizatlense\/\" target=\"_top\" rel=\"nofollow\"><span class=\"icon\"><\/span><span class=\"text\">Tweet<\/span><\/a><div class=\"onoffswitch2 mash-large mashsb-noshadow\" style=\"display:none\"><\/div><\/div>\n            <\/div>\n                <div style=\"clear:both\"><\/div><div class=\"mashsb-toggle-container\"><\/div><\/aside>\n            <!-- Share buttons by mashshare.net - Version: 4.0.47-->\n<p><em>Por \u00c1ngel Silverio \/Zunoticia<\/em><\/p>\n\n\n\n<p><strong>San Felipe Orizatl\u00e1n, Hgo.<\/strong> &#8211; Como parte de su trabajo con la infancia y adolescencia de este municipio, el Sistema Municipal DIF, lleva a cabo de manera constante el acercamiento y asesoramiento, para evitar que menores de edad puedan tener problemas psicosociales, por ello a trav\u00e9s de sus diferentes \u00e1reas atienden a quienes lo necesitan.<\/p>\n\n\n\n<p>De acuerdo con lo mencionado por el presidente del DIF municipal, Cesar Becerra, en d\u00edas pasados se proporcion\u00f3 orientaci\u00f3n jur\u00eddica y psicol\u00f3gica a un menor de edad, en donde la coordinaci\u00f3n de PAMAR y SIPINNA promueven la prevenci\u00f3n de riesgos psicosociales y la protecci\u00f3n de los derechos de las NNA, logr\u00e1ndose la reincorporaci\u00f3n de la menor a su n\u00facleo familiar bajo la direcci\u00f3n del Sistema Municipal DIF.<\/p>\n\n\n\n<p>&#8220;Nuestra principal misi\u00f3n es apoyar a los ni\u00f1os, ni\u00f1as y j\u00f3venes, es por eso que hemos pedido al \u00e1rea de SIPINNA y a PAMAR que se enfoquen mucho en apoyar a quienes m\u00e1s lo necesitan, brind\u00e1ndoles todo lo que ocupen en cuanto a asesoramiento y el acompa\u00f1amiento a las familias que requieran para evitar problemas psicosociales que puedan afectar a los NNA&#8221;.<\/p>\n\n\n\n<p>A\u00f1adi\u00f3 que, todo aquel que requiera de apoyo del DIF, puede acercarse a las oficinas ubicadas en la calle 16 de Enero en la zona centro, pues los servicios son gratuitos para los orizatlenses que requieran de ayuda.<\/p>\n\n\n\n<p><\/p>\n","protected":false},"excerpt":{"rendered":"<p>Por \u00c1ngel Silverio \/Zunoticia San Felipe Orizatl\u00e1n, Hgo. &#8211; Como parte de su trabajo con la infancia y adolescencia de este municipio, el Sistema Municipal DIF, lleva a cabo de manera constante el acercamiento y asesoramiento, para evitar que menores de edad puedan tener problemas psicosociales, por ello a trav\u00e9s de sus diferentes \u00e1reas atienden&hellip; <a class=\"more-link\" href=\"https:\/\/www.zunoticia.com\/noticias-de-hidalgo\/2024\/01\/29\/sipinna-y-pamar-trabajan-por-el-bienestar-de-la-infancia-y-adolescencia-orizatlense\/\">Seguir leyendo <span class=\"screen-reader-text\">SIPINNA y PAMAR trabajan por el bienestar de la infancia y adolescencia orizatlense<\/span><\/a><\/p>\n","protected":false},"author":20,"featured_media":524304,"comment_status":"open","ping_status":"open","sticky":false,"template":"","format":"standard","meta":{"rop_custom_images_group":[],"rop_custom_messages_group":[],"rop_publish_now":"initial","rop_publish_now_accounts":{"facebook_10159540855086992_322828327761733":""},"rop_publish_now_history":[],"rop_publish_now_status":"pending","footnotes":""},"categories":[179,180],"tags":[229,129],"class_list":["post-524303","post","type-post","status-publish","format-standard","has-post-thumbnail","hentry","category-huasteca","category-orizatlan","tag-huasteca","tag-orizatlan","entry"],"_links":{"self":[{"href":"https:\/\/www.zunoticia.com\/noticias-de-hidalgo\/wp-json\/wp\/v2\/posts\/524303","targetHints":{"allow":["GET"]}}],"collection":[{"href":"https:\/\/www.zunoticia.com\/noticias-de-hidalgo\/wp-json\/wp\/v2\/posts"}],"about":[{"href":"https:\/\/www.zunoticia.com\/noticias-de-hidalgo\/wp-json\/wp\/v2\/types\/post"}],"author":[{"embeddable":true,"href":"https:\/\/www.zunoticia.com\/noticias-de-hidalgo\/wp-json\/wp\/v2\/users\/20"}],"replies":[{"embeddable":true,"href":"https:\/\/www.zunoticia.com\/noticias-de-hidalgo\/wp-json\/wp\/v2\/comments?post=524303"}],"version-history":[{"count":1,"href":"https:\/\/www.zunoticia.com\/noticias-de-hidalgo\/wp-json\/wp\/v2\/posts\/524303\/revisions"}],"predecessor-version":[{"id":524305,"href":"https:\/\/www.zunoticia.com\/noticias-de-hidalgo\/wp-json\/wp\/v2\/posts\/524303\/revisions\/524305"}],"wp:featuredmedia":[{"embeddable":true,"href":"https:\/\/www.zunoticia.com\/noticias-de-hidalgo\/wp-json\/wp\/v2\/media\/524304"}],"wp:attachment":[{"href":"https:\/\/www.zunoticia.com\/noticias-de-hidalgo\/wp-json\/wp\/v2\/media?parent=524303"}],"wp:term":[{"taxonomy":"category","embeddable":true,"href":"https:\/\/www.zunoticia.com\/noticias-de-hidalgo\/wp-json\/wp\/v2\/categories?post=524303"},{"taxonomy":"post_tag","embeddable":true,"href":"https:\/\/www.zunoticia.com\/noticias-de-hidalgo\/wp-json\/wp\/v2\/tags?post=524303"}],"curies":[{"name":"wp","href":"https:\/\/api.w.org\/{rel}","templated":true}]}}