{"id":524338,"date":"2024-01-29T18:22:14","date_gmt":"2024-01-30T00:22:14","guid":{"rendered":"https:\/\/www.zunoticia.com\/noticias-de-hidalgo\/?p=524338"},"modified":"2024-01-29T18:22:17","modified_gmt":"2024-01-30T00:22:17","slug":"preinscripciones-en-linea-en-la-primaria-del-centro","status":"publish","type":"post","link":"https:\/\/www.zunoticia.com\/noticias-de-hidalgo\/2024\/01\/29\/preinscripciones-en-linea-en-la-primaria-del-centro\/","title":{"rendered":"Preinscripciones \u201cen l\u00ednea\u201d en la Primaria del Centro"},"content":{"rendered":"<aside class=\"mashsb-container mashsb-main mashsb-stretched\"><div class=\"mashsb-box\"><div class=\"mashsb-count mash-large\" style=\"float:left\"><div class=\"counts mashsbcount\">28<\/div><span class=\"mashsb-sharetext\">SHARES<\/span><\/div><div class=\"mashsb-buttons\"><a class=\"mashicon-facebook mash-large mash-center mashsb-noshadow\" href=\"https:\/\/www.facebook.com\/sharer.php?u=https%3A%2F%2Fwww.zunoticia.com%2Fnoticias-de-hidalgo%2F2024%2F01%2F29%2Fpreinscripciones-en-linea-en-la-primaria-del-centro%2F\" target=\"_top\" rel=\"nofollow\"><span class=\"icon\"><\/span><span class=\"text\">Share<\/span><\/a><a class=\"mashicon-twitter mash-large mash-center mashsb-noshadow\" href=\"https:\/\/twitter.com\/intent\/tweet?text=&amp;url=https:\/\/www.zunoticia.com\/noticias-de-hidalgo\/2024\/01\/29\/preinscripciones-en-linea-en-la-primaria-del-centro\/\" target=\"_top\" rel=\"nofollow\"><span class=\"icon\"><\/span><span class=\"text\">Tweet<\/span><\/a><div class=\"onoffswitch2 mash-large mashsb-noshadow\" style=\"display:none\"><\/div><\/div>\n            <\/div>\n                <div style=\"clear:both\"><\/div><div class=\"mashsb-toggle-container\"><\/div><\/aside>\n            <!-- Share buttons by mashshare.net - Version: 4.0.47-->\n<p><em>Por Enedino Hern\u00e1ndez\/Zunoticia<\/em><\/p>\n\n\n\n<p><strong>Huejutla, Hgo.-<\/strong> Durante el periodo comprendido del 1 al 15 de febrero se llevar\u00e1n a cabo las preinscripciones, para los ni\u00f1os que van a ingresar a Primer grado de Primaria, lo cual deber\u00e1n de hacerlo \u201cen l\u00ednea\u201d, confirm\u00f3 el profesor Eduardo Hern\u00e1ndez Lara, director de la Escuela Primaria \u201cIdelfonso Vel\u00e1zquez Ibarra\u201d del turno vespertino, ubicada en la zona Centro de esta ciudad de Huejutla.<\/p>\n\n\n\n<p>Detall\u00f3 que, los padres de familia deben de ingresar a la p\u00e1gina: http:\/\/sep.hidalgo.gob.mx\/ y entre los requisitos que se piden es que el ni\u00f1o tenga 6 a\u00f1os o los cumpla antes del 31 de diciembre del a\u00f1o en curso, adem\u00e1s de presentar documentos en PDF; acta de nacimiento, CURP y comprobante de domicilio, acompa\u00f1ados de los documentos de los padres de familia como es la CURP, as\u00ed como una identificaci\u00f3n oficial, la credencial del INE.<\/p>\n\n\n\n<p>Se\u00f1al\u00f3 que la Secretar\u00eda de Educaci\u00f3n P\u00fablica les ha indicado que las preinscripciones se realicen en l\u00ednea, para lo cual se tiene una p\u00e1gina en donde debe de llevarse a cabo, pero los padres de familia interesados en preinscribir a sus hijos en la instituci\u00f3n pueden entregar la documentaci\u00f3n en la escuela en donde se les brindar\u00e1 el apoyo correspondiente.<\/p>\n\n\n\n<p>A\u00f1ade que en la Escuela Primaria \u201cIdelfonso Vel\u00e1zquez Ibarra\u201d generalmente recibe en cada nuevo ciclo escolar a un promedio de 50 alumnos para el Primer grado de primaria, distribuidos en dos grupos de 25 cada uno.<\/p>\n\n\n\n<p>Eduardo Hern\u00e1ndez Lara, coment\u00f3 sobre la importancia de que los alumnos asistan a su educaci\u00f3n Primaria, en donde la escuela \u201cIdelfonso Vel\u00e1zquez Ibarra\u201d los recibir\u00e1 con todo gusto, porque se trabaja con grandes proyectos en el marco de la nueva escuela mexicana.<\/p>\n\n\n\n<p><\/p>\n","protected":false},"excerpt":{"rendered":"<p>Por Enedino Hern\u00e1ndez\/Zunoticia Huejutla, Hgo.- Durante el periodo comprendido del 1 al 15 de febrero se llevar\u00e1n a cabo las preinscripciones, para los ni\u00f1os que van a ingresar a Primer grado de Primaria, lo cual deber\u00e1n de hacerlo \u201cen l\u00ednea\u201d, confirm\u00f3 el profesor Eduardo Hern\u00e1ndez Lara, director de la Escuela Primaria \u201cIdelfonso Vel\u00e1zquez Ibarra\u201d del&hellip; <a class=\"more-link\" href=\"https:\/\/www.zunoticia.com\/noticias-de-hidalgo\/2024\/01\/29\/preinscripciones-en-linea-en-la-primaria-del-centro\/\">Seguir leyendo <span class=\"screen-reader-text\">Preinscripciones \u201cen l\u00ednea\u201d en la Primaria del Centro<\/span><\/a><\/p>\n","protected":false},"author":20,"featured_media":524339,"comment_status":"open","ping_status":"open","sticky":false,"template":"","format":"standard","meta":{"rop_custom_images_group":[],"rop_custom_messages_group":[],"rop_publish_now":"initial","rop_publish_now_accounts":{"facebook_10159540855086992_322828327761733":""},"rop_publish_now_history":[],"rop_publish_now_status":"pending","footnotes":""},"categories":[181],"tags":[121],"class_list":["post-524338","post","type-post","status-publish","format-standard","has-post-thumbnail","hentry","category-huejutla","tag-huejutla","entry"],"_links":{"self":[{"href":"https:\/\/www.zunoticia.com\/noticias-de-hidalgo\/wp-json\/wp\/v2\/posts\/524338","targetHints":{"allow":["GET"]}}],"collection":[{"href":"https:\/\/www.zunoticia.com\/noticias-de-hidalgo\/wp-json\/wp\/v2\/posts"}],"about":[{"href":"https:\/\/www.zunoticia.com\/noticias-de-hidalgo\/wp-json\/wp\/v2\/types\/post"}],"author":[{"embeddable":true,"href":"https:\/\/www.zunoticia.com\/noticias-de-hidalgo\/wp-json\/wp\/v2\/users\/20"}],"replies":[{"embeddable":true,"href":"https:\/\/www.zunoticia.com\/noticias-de-hidalgo\/wp-json\/wp\/v2\/comments?post=524338"}],"version-history":[{"count":1,"href":"https:\/\/www.zunoticia.com\/noticias-de-hidalgo\/wp-json\/wp\/v2\/posts\/524338\/revisions"}],"predecessor-version":[{"id":524340,"href":"https:\/\/www.zunoticia.com\/noticias-de-hidalgo\/wp-json\/wp\/v2\/posts\/524338\/revisions\/524340"}],"wp:featuredmedia":[{"embeddable":true,"href":"https:\/\/www.zunoticia.com\/noticias-de-hidalgo\/wp-json\/wp\/v2\/media\/524339"}],"wp:attachment":[{"href":"https:\/\/www.zunoticia.com\/noticias-de-hidalgo\/wp-json\/wp\/v2\/media?parent=524338"}],"wp:term":[{"taxonomy":"category","embeddable":true,"href":"https:\/\/www.zunoticia.com\/noticias-de-hidalgo\/wp-json\/wp\/v2\/categories?post=524338"},{"taxonomy":"post_tag","embeddable":true,"href":"https:\/\/www.zunoticia.com\/noticias-de-hidalgo\/wp-json\/wp\/v2\/tags?post=524338"}],"curies":[{"name":"wp","href":"https:\/\/api.w.org\/{rel}","templated":true}]}}