{"id":524387,"date":"2024-01-29T19:27:12","date_gmt":"2024-01-30T01:27:12","guid":{"rendered":"https:\/\/www.zunoticia.com\/noticias-de-hidalgo\/?p=524387"},"modified":"2024-01-29T19:27:15","modified_gmt":"2024-01-30T01:27:15","slug":"tomaron-protesta-damian-hernandez-como-lider-de-la-cnc-y-patricia-rodriguez-como-secretaria-general-del-pri","status":"publish","type":"post","link":"https:\/\/www.zunoticia.com\/noticias-de-hidalgo\/2024\/01\/29\/tomaron-protesta-damian-hernandez-como-lider-de-la-cnc-y-patricia-rodriguez-como-secretaria-general-del-pri\/","title":{"rendered":"Tomaron protesta Dami\u00e1n Hern\u00e1ndez como l\u00edder de la CNC y Patricia Rodr\u00edguez como secretaria general del PRI"},"content":{"rendered":"<aside class=\"mashsb-container mashsb-main mashsb-stretched\"><div class=\"mashsb-box\"><div class=\"mashsb-count mash-large\" style=\"float:left\"><div class=\"counts mashsbcount\">38<\/div><span class=\"mashsb-sharetext\">SHARES<\/span><\/div><div class=\"mashsb-buttons\"><a class=\"mashicon-facebook mash-large mash-center mashsb-noshadow\" href=\"https:\/\/www.facebook.com\/sharer.php?u=https%3A%2F%2Fwww.zunoticia.com%2Fnoticias-de-hidalgo%2F2024%2F01%2F29%2Ftomaron-protesta-damian-hernandez-como-lider-de-la-cnc-y-patricia-rodriguez-como-secretaria-general-del-pri%2F\" target=\"_top\" rel=\"nofollow\"><span class=\"icon\"><\/span><span class=\"text\">Share<\/span><\/a><a class=\"mashicon-twitter mash-large mash-center mashsb-noshadow\" href=\"https:\/\/twitter.com\/intent\/tweet?text=&amp;url=https:\/\/www.zunoticia.com\/noticias-de-hidalgo\/2024\/01\/29\/tomaron-protesta-damian-hernandez-como-lider-de-la-cnc-y-patricia-rodriguez-como-secretaria-general-del-pri\/\" target=\"_top\" rel=\"nofollow\"><span class=\"icon\"><\/span><span class=\"text\">Tweet<\/span><\/a><div class=\"onoffswitch2 mash-large mashsb-noshadow\" style=\"display:none\"><\/div><\/div>\n            <\/div>\n                <div style=\"clear:both\"><\/div><div class=\"mashsb-toggle-container\"><\/div><\/aside>\n            <!-- Share buttons by mashshare.net - Version: 4.0.47-->\n<p><em>Por Roberto Meza\/Zunoticia<\/em><\/p>\n\n\n\n<p><strong>Yahualica, Hgo. &#8211;<\/strong> En un evento que se llev\u00f3 a cabo en la galera p\u00fablica de la comunidad de Santa Teresa, tomaron protesta al nuevo dirigente de la Confederaci\u00f3n Nacional Campesina (CNC) y la nueva secretar\u00eda general del PRI municipal, estando presentes la secretaria nacional del CEN del PRI y el dirigente estatal.<\/p>\n\n\n\n<p>Fue la tarde del pasado domingo, cuando a este lugar arrib\u00f3 Alma Carolina Viggiano Austria y Marco Antonio Mendoza Bustamante ante los priistas de todo el municipio, las palabras de bienvenida corrieron a cargo del dirigente municipal del PRI Abelino Bautista Hern\u00e1ndez.<\/p>\n\n\n\n<p>En el desarrollo de este acto, los ciudadanos Dami\u00e1n Hern\u00e1ndez Mart\u00ednez y Patricia Rodr\u00edguez Murillo, tomaron protesta el primero como nuevo dirigente de la CNC y la segunda como secretar\u00eda general del PRI municipal; ambos se comprometieron a trabajar en unidad para bien del priismo de Yahualica.<\/p>\n\n\n\n<p>El dirigente del PRI municipal Abelino Bautista, resalt\u00f3 que, como siempre se tuvo buena respuesta de los priistas de todas las comunidades que acudieron al llamado a esta actividad, hoy les corresponde seguir trabajando para mantener esa unidad de la militancia.<\/p>\n\n\n\n<p><\/p>\n","protected":false},"excerpt":{"rendered":"<p>Por Roberto Meza\/Zunoticia Yahualica, Hgo. &#8211; En un evento que se llev\u00f3 a cabo en la galera p\u00fablica de la comunidad de Santa Teresa, tomaron protesta al nuevo dirigente de la Confederaci\u00f3n Nacional Campesina (CNC) y la nueva secretar\u00eda general del PRI municipal, estando presentes la secretaria nacional del CEN del PRI y el dirigente&hellip; <a class=\"more-link\" href=\"https:\/\/www.zunoticia.com\/noticias-de-hidalgo\/2024\/01\/29\/tomaron-protesta-damian-hernandez-como-lider-de-la-cnc-y-patricia-rodriguez-como-secretaria-general-del-pri\/\">Seguir leyendo <span class=\"screen-reader-text\">Tomaron protesta Dami\u00e1n Hern\u00e1ndez como l\u00edder de la CNC y Patricia Rodr\u00edguez como secretaria general del PRI<\/span><\/a><\/p>\n","protected":false},"author":20,"featured_media":524388,"comment_status":"open","ping_status":"open","sticky":false,"template":"","format":"standard","meta":{"rop_custom_images_group":[],"rop_custom_messages_group":[],"rop_publish_now":"initial","rop_publish_now_accounts":{"facebook_10159540855086992_322828327761733":""},"rop_publish_now_history":[],"rop_publish_now_status":"pending","footnotes":""},"categories":[179,203],"tags":[229,123],"class_list":["post-524387","post","type-post","status-publish","format-standard","has-post-thumbnail","hentry","category-huasteca","category-yahualica","tag-huasteca","tag-yahualica","entry"],"_links":{"self":[{"href":"https:\/\/www.zunoticia.com\/noticias-de-hidalgo\/wp-json\/wp\/v2\/posts\/524387","targetHints":{"allow":["GET"]}}],"collection":[{"href":"https:\/\/www.zunoticia.com\/noticias-de-hidalgo\/wp-json\/wp\/v2\/posts"}],"about":[{"href":"https:\/\/www.zunoticia.com\/noticias-de-hidalgo\/wp-json\/wp\/v2\/types\/post"}],"author":[{"embeddable":true,"href":"https:\/\/www.zunoticia.com\/noticias-de-hidalgo\/wp-json\/wp\/v2\/users\/20"}],"replies":[{"embeddable":true,"href":"https:\/\/www.zunoticia.com\/noticias-de-hidalgo\/wp-json\/wp\/v2\/comments?post=524387"}],"version-history":[{"count":1,"href":"https:\/\/www.zunoticia.com\/noticias-de-hidalgo\/wp-json\/wp\/v2\/posts\/524387\/revisions"}],"predecessor-version":[{"id":524389,"href":"https:\/\/www.zunoticia.com\/noticias-de-hidalgo\/wp-json\/wp\/v2\/posts\/524387\/revisions\/524389"}],"wp:featuredmedia":[{"embeddable":true,"href":"https:\/\/www.zunoticia.com\/noticias-de-hidalgo\/wp-json\/wp\/v2\/media\/524388"}],"wp:attachment":[{"href":"https:\/\/www.zunoticia.com\/noticias-de-hidalgo\/wp-json\/wp\/v2\/media?parent=524387"}],"wp:term":[{"taxonomy":"category","embeddable":true,"href":"https:\/\/www.zunoticia.com\/noticias-de-hidalgo\/wp-json\/wp\/v2\/categories?post=524387"},{"taxonomy":"post_tag","embeddable":true,"href":"https:\/\/www.zunoticia.com\/noticias-de-hidalgo\/wp-json\/wp\/v2\/tags?post=524387"}],"curies":[{"name":"wp","href":"https:\/\/api.w.org\/{rel}","templated":true}]}}