{"id":525200,"date":"2024-02-03T11:54:31","date_gmt":"2024-02-03T17:54:31","guid":{"rendered":"https:\/\/www.zunoticia.com\/noticias-de-hidalgo\/?p=525200"},"modified":"2024-02-03T11:54:35","modified_gmt":"2024-02-03T17:54:35","slug":"inicia-reinscripcion-a-programas-bienestar","status":"publish","type":"post","link":"https:\/\/www.zunoticia.com\/noticias-de-hidalgo\/2024\/02\/03\/inicia-reinscripcion-a-programas-bienestar\/","title":{"rendered":"Inicia reinscripci\u00f3n a Programas Bienestar"},"content":{"rendered":"<aside class=\"mashsb-container mashsb-main mashsb-stretched\"><div class=\"mashsb-box\"><div class=\"mashsb-count mash-large\" style=\"float:left\"><div class=\"counts mashsbcount\">44<\/div><span class=\"mashsb-sharetext\">SHARES<\/span><\/div><div class=\"mashsb-buttons\"><a class=\"mashicon-facebook mash-large mash-center mashsb-noshadow\" href=\"https:\/\/www.facebook.com\/sharer.php?u=https%3A%2F%2Fwww.zunoticia.com%2Fnoticias-de-hidalgo%2F2024%2F02%2F03%2Finicia-reinscripcion-a-programas-bienestar%2F\" target=\"_top\" rel=\"nofollow\"><span class=\"icon\"><\/span><span class=\"text\">Share<\/span><\/a><a class=\"mashicon-twitter mash-large mash-center mashsb-noshadow\" href=\"https:\/\/twitter.com\/intent\/tweet?text=&amp;url=https:\/\/www.zunoticia.com\/noticias-de-hidalgo\/2024\/02\/03\/inicia-reinscripcion-a-programas-bienestar\/\" target=\"_top\" rel=\"nofollow\"><span class=\"icon\"><\/span><span class=\"text\">Tweet<\/span><\/a><div class=\"onoffswitch2 mash-large mashsb-noshadow\" style=\"display:none\"><\/div><\/div>\n            <\/div>\n                <div style=\"clear:both\"><\/div><div class=\"mashsb-toggle-container\"><\/div><\/aside>\n            <!-- Share buttons by mashshare.net - Version: 4.0.47-->\n<ul class=\"wp-block-list\">\n<li>El registro es en l\u00ednea, mediante una plataforma virtual; el periodo ser\u00e1 del 3 al 6 de febrero.<\/li>\n<\/ul>\n\n\n\n<p><em>Por Redacci\u00f3n\/Zunoticia<\/em><\/p>\n\n\n\n<p><strong>Pachuca, Hgo<\/strong>.- La Secretar\u00eda de Bienestar e Inclusi\u00f3n Social de Hidalgo public\u00f3 que, este s\u00e1bado 3 de febrero dio inicio la reinscripci\u00f3n de los Programas Sociales del Bienestar para el ejercicio 2024.<\/p>\n\n\n\n<p>Juli\u00e1n Nochebuena, subsecretario de Inclusi\u00f3n y Desarrollo, se\u00f1al\u00f3 que, en esta ocasi\u00f3n para agilizar el registro de los miles de beneficiarios y beneficiarias hidalguense se decidi\u00f3 implementar una plataforma virtual, misma en la que se podr\u00e1n cargar todos los documentos para la inscripci\u00f3n a los programas \u201cBienestar y Desarrollo\u201d y \u201cBienestar de Madres Solteras\u201d<\/p>\n\n\n\n<p>Es importante mencionar que, aun cuando se haya obtenido la asignaci\u00f3n del programa en el ejercicio 2023, quienes no realicen su registro no podr\u00e1n acceder al apoyo econ\u00f3mico bimestral que efect\u00faa el Gobierno del Estado.<\/p>\n\n\n\n<p>El subsecretario huasteco invit\u00f3 a todos los ciudadanos elegibles a participar en este proceso de reinscripci\u00f3n y ser parte de la red de bienestar en Hidalgo a trav\u00e9s de los formularios de inscripci\u00f3n que emiti\u00f3 la Secretar\u00eda: https:\/\/bienestar.hidalgo.gob.mx\/formulario2\/ y https:\/\/bienestar.hidalgo.gob.mx\/formulario1\/.<\/p>\n\n\n\n<figure class=\"wp-block-image size-full\"><img fetchpriority=\"high\" decoding=\"async\" width=\"933\" height=\"524\" src=\"https:\/\/www.zunoticia.com\/noticias-de-hidalgo\/wp-content\/uploads\/2024\/02\/Zunoticia-Huejutla-1-25.jpg\" alt=\"\" class=\"wp-image-525202\"\/><\/figure>\n","protected":false},"excerpt":{"rendered":"<p>Por Redacci\u00f3n\/Zunoticia Pachuca, Hgo.- La Secretar\u00eda de Bienestar e Inclusi\u00f3n Social de Hidalgo public\u00f3 que, este s\u00e1bado 3 de febrero dio inicio la reinscripci\u00f3n de los Programas Sociales del Bienestar para el ejercicio 2024. Juli\u00e1n Nochebuena, subsecretario de Inclusi\u00f3n y Desarrollo, se\u00f1al\u00f3 que, en esta ocasi\u00f3n para agilizar el registro de los miles de beneficiarios&hellip; <a class=\"more-link\" href=\"https:\/\/www.zunoticia.com\/noticias-de-hidalgo\/2024\/02\/03\/inicia-reinscripcion-a-programas-bienestar\/\">Seguir leyendo <span class=\"screen-reader-text\">Inicia reinscripci\u00f3n a Programas Bienestar<\/span><\/a><\/p>\n","protected":false},"author":20,"featured_media":525201,"comment_status":"open","ping_status":"open","sticky":false,"template":"","format":"standard","meta":{"rop_custom_images_group":[],"rop_custom_messages_group":[],"rop_publish_now":"initial","rop_publish_now_accounts":{"facebook_10159540855086992_322828327761733":""},"rop_publish_now_history":[],"rop_publish_now_status":"pending","footnotes":""},"categories":[208],"tags":[214],"class_list":["post-525200","post","type-post","status-publish","format-standard","has-post-thumbnail","hentry","category-estado","tag-estado","entry"],"_links":{"self":[{"href":"https:\/\/www.zunoticia.com\/noticias-de-hidalgo\/wp-json\/wp\/v2\/posts\/525200","targetHints":{"allow":["GET"]}}],"collection":[{"href":"https:\/\/www.zunoticia.com\/noticias-de-hidalgo\/wp-json\/wp\/v2\/posts"}],"about":[{"href":"https:\/\/www.zunoticia.com\/noticias-de-hidalgo\/wp-json\/wp\/v2\/types\/post"}],"author":[{"embeddable":true,"href":"https:\/\/www.zunoticia.com\/noticias-de-hidalgo\/wp-json\/wp\/v2\/users\/20"}],"replies":[{"embeddable":true,"href":"https:\/\/www.zunoticia.com\/noticias-de-hidalgo\/wp-json\/wp\/v2\/comments?post=525200"}],"version-history":[{"count":1,"href":"https:\/\/www.zunoticia.com\/noticias-de-hidalgo\/wp-json\/wp\/v2\/posts\/525200\/revisions"}],"predecessor-version":[{"id":525203,"href":"https:\/\/www.zunoticia.com\/noticias-de-hidalgo\/wp-json\/wp\/v2\/posts\/525200\/revisions\/525203"}],"wp:featuredmedia":[{"embeddable":true,"href":"https:\/\/www.zunoticia.com\/noticias-de-hidalgo\/wp-json\/wp\/v2\/media\/525201"}],"wp:attachment":[{"href":"https:\/\/www.zunoticia.com\/noticias-de-hidalgo\/wp-json\/wp\/v2\/media?parent=525200"}],"wp:term":[{"taxonomy":"category","embeddable":true,"href":"https:\/\/www.zunoticia.com\/noticias-de-hidalgo\/wp-json\/wp\/v2\/categories?post=525200"},{"taxonomy":"post_tag","embeddable":true,"href":"https:\/\/www.zunoticia.com\/noticias-de-hidalgo\/wp-json\/wp\/v2\/tags?post=525200"}],"curies":[{"name":"wp","href":"https:\/\/api.w.org\/{rel}","templated":true}]}}