{"id":525209,"date":"2024-02-03T13:56:12","date_gmt":"2024-02-03T19:56:12","guid":{"rendered":"https:\/\/www.zunoticia.com\/noticias-de-hidalgo\/?p=525209"},"modified":"2024-02-03T13:56:16","modified_gmt":"2024-02-03T19:56:16","slug":"personal-de-mercados-prepara-carro-alegorico-para-el-carnaval","status":"publish","type":"post","link":"https:\/\/www.zunoticia.com\/noticias-de-hidalgo\/2024\/02\/03\/personal-de-mercados-prepara-carro-alegorico-para-el-carnaval\/","title":{"rendered":"Personal de Mercados prepara carro aleg\u00f3rico para el Carnaval"},"content":{"rendered":"<aside class=\"mashsb-container mashsb-main mashsb-stretched\"><div class=\"mashsb-box\"><div class=\"mashsb-count mash-large\" style=\"float:left\"><div class=\"counts mashsbcount\">5<\/div><span class=\"mashsb-sharetext\">SHARES<\/span><\/div><div class=\"mashsb-buttons\"><a class=\"mashicon-facebook mash-large mash-center mashsb-noshadow\" href=\"https:\/\/www.facebook.com\/sharer.php?u=https%3A%2F%2Fwww.zunoticia.com%2Fnoticias-de-hidalgo%2F2024%2F02%2F03%2Fpersonal-de-mercados-prepara-carro-alegorico-para-el-carnaval%2F\" target=\"_top\" rel=\"nofollow\"><span class=\"icon\"><\/span><span class=\"text\">Share<\/span><\/a><a class=\"mashicon-twitter mash-large mash-center mashsb-noshadow\" href=\"https:\/\/twitter.com\/intent\/tweet?text=&amp;url=https:\/\/www.zunoticia.com\/noticias-de-hidalgo\/2024\/02\/03\/personal-de-mercados-prepara-carro-alegorico-para-el-carnaval\/\" target=\"_top\" rel=\"nofollow\"><span class=\"icon\"><\/span><span class=\"text\">Tweet<\/span><\/a><div class=\"onoffswitch2 mash-large mashsb-noshadow\" style=\"display:none\"><\/div><\/div>\n            <\/div>\n                <div style=\"clear:both\"><\/div><div class=\"mashsb-toggle-container\"><\/div><\/aside>\n            <!-- Share buttons by mashshare.net - Version: 4.0.47-->\n<p><em>Por Enedino Hern\u00e1ndez\/Zunoticia<\/em><\/p>\n\n\n\n<p><strong>Huejutla, Hgo.-<\/strong> Personal de la Administraci\u00f3n de Mercados se prepara con anticipaci\u00f3n&nbsp; para participar junto con trabajadores de Servicios Municipales, Proyectos Productivos y el \u00e1rea de Econom\u00eda de la Presidencia Municipal de Huejutla, con un carro aleg\u00f3rico correspondiente para las fiestas del Carnaval.<\/p>\n\n\n\n<p>La Administradora de Mercados en Huejutla, Lidia Vite Cruz, confirm\u00f3 que, el Carnaval se llevar\u00e1 a cabo durante los d\u00edas 12 y 13 de febrero, por ello ya han iniciado con los preparativos para su participaci\u00f3n.<\/p>\n\n\n\n<p>Explic\u00f3 que, con toda anticipaci\u00f3n personal de las diversas \u00e1reas de la Presidencia Municipal de Huejutla se han integrado en grupos para participar con carros aleg\u00f3ricos durante las fiestas del Carnaval Huejutla 2024.<\/p>\n\n\n\n<p>La funcionaria municipal expone que, ser\u00eda importante contar con la participaci\u00f3n de los grupos de colonias, barrios y comunidades en la celebraci\u00f3n de las actividades con motivo del Carnaval.<\/p>\n\n\n\n<p>Consider\u00f3 importante fortalecer la fiesta tradicional del Carnaval, sobre todo que los adultos orienten adecuadamente a los ni\u00f1os y j\u00f3venes en la forma real en la cual debe de celebrarse est\u00e1 fiesta tradicional.<\/p>\n\n\n\n<p><\/p>\n","protected":false},"excerpt":{"rendered":"<p>Por Enedino Hern\u00e1ndez\/Zunoticia Huejutla, Hgo.- Personal de la Administraci\u00f3n de Mercados se prepara con anticipaci\u00f3n&nbsp; para participar junto con trabajadores de Servicios Municipales, Proyectos Productivos y el \u00e1rea de Econom\u00eda de la Presidencia Municipal de Huejutla, con un carro aleg\u00f3rico correspondiente para las fiestas del Carnaval. La Administradora de Mercados en Huejutla, Lidia Vite Cruz,&hellip; <a class=\"more-link\" href=\"https:\/\/www.zunoticia.com\/noticias-de-hidalgo\/2024\/02\/03\/personal-de-mercados-prepara-carro-alegorico-para-el-carnaval\/\">Seguir leyendo <span class=\"screen-reader-text\">Personal de Mercados prepara carro aleg\u00f3rico para el Carnaval<\/span><\/a><\/p>\n","protected":false},"author":20,"featured_media":525210,"comment_status":"open","ping_status":"open","sticky":false,"template":"","format":"standard","meta":{"rop_custom_images_group":[],"rop_custom_messages_group":[],"rop_publish_now":"initial","rop_publish_now_accounts":{"facebook_10159540855086992_322828327761733":""},"rop_publish_now_history":[],"rop_publish_now_status":"pending","footnotes":""},"categories":[181],"tags":[121],"class_list":["post-525209","post","type-post","status-publish","format-standard","has-post-thumbnail","hentry","category-huejutla","tag-huejutla","entry"],"_links":{"self":[{"href":"https:\/\/www.zunoticia.com\/noticias-de-hidalgo\/wp-json\/wp\/v2\/posts\/525209","targetHints":{"allow":["GET"]}}],"collection":[{"href":"https:\/\/www.zunoticia.com\/noticias-de-hidalgo\/wp-json\/wp\/v2\/posts"}],"about":[{"href":"https:\/\/www.zunoticia.com\/noticias-de-hidalgo\/wp-json\/wp\/v2\/types\/post"}],"author":[{"embeddable":true,"href":"https:\/\/www.zunoticia.com\/noticias-de-hidalgo\/wp-json\/wp\/v2\/users\/20"}],"replies":[{"embeddable":true,"href":"https:\/\/www.zunoticia.com\/noticias-de-hidalgo\/wp-json\/wp\/v2\/comments?post=525209"}],"version-history":[{"count":1,"href":"https:\/\/www.zunoticia.com\/noticias-de-hidalgo\/wp-json\/wp\/v2\/posts\/525209\/revisions"}],"predecessor-version":[{"id":525211,"href":"https:\/\/www.zunoticia.com\/noticias-de-hidalgo\/wp-json\/wp\/v2\/posts\/525209\/revisions\/525211"}],"wp:featuredmedia":[{"embeddable":true,"href":"https:\/\/www.zunoticia.com\/noticias-de-hidalgo\/wp-json\/wp\/v2\/media\/525210"}],"wp:attachment":[{"href":"https:\/\/www.zunoticia.com\/noticias-de-hidalgo\/wp-json\/wp\/v2\/media?parent=525209"}],"wp:term":[{"taxonomy":"category","embeddable":true,"href":"https:\/\/www.zunoticia.com\/noticias-de-hidalgo\/wp-json\/wp\/v2\/categories?post=525209"},{"taxonomy":"post_tag","embeddable":true,"href":"https:\/\/www.zunoticia.com\/noticias-de-hidalgo\/wp-json\/wp\/v2\/tags?post=525209"}],"curies":[{"name":"wp","href":"https:\/\/api.w.org\/{rel}","templated":true}]}}