{"id":525224,"date":"2024-02-03T14:58:24","date_gmt":"2024-02-03T20:58:24","guid":{"rendered":"https:\/\/www.zunoticia.com\/noticias-de-hidalgo\/?p=525224"},"modified":"2024-02-03T14:58:27","modified_gmt":"2024-02-03T20:58:27","slug":"el-pri-es-un-partido-multigeneracional-jorge-lara-vite","status":"publish","type":"post","link":"https:\/\/www.zunoticia.com\/noticias-de-hidalgo\/2024\/02\/03\/el-pri-es-un-partido-multigeneracional-jorge-lara-vite\/","title":{"rendered":"El PRI es un partido multigeneracional: Jorge Lara Vite"},"content":{"rendered":"<aside class=\"mashsb-container mashsb-main mashsb-stretched\"><div class=\"mashsb-box\"><div class=\"mashsb-count mash-large\" style=\"float:left\"><div class=\"counts mashsbcount\">17<\/div><span class=\"mashsb-sharetext\">SHARES<\/span><\/div><div class=\"mashsb-buttons\"><a class=\"mashicon-facebook mash-large mash-center mashsb-noshadow\" href=\"https:\/\/www.facebook.com\/sharer.php?u=https%3A%2F%2Fwww.zunoticia.com%2Fnoticias-de-hidalgo%2F2024%2F02%2F03%2Fel-pri-es-un-partido-multigeneracional-jorge-lara-vite%2F\" target=\"_top\" rel=\"nofollow\"><span class=\"icon\"><\/span><span class=\"text\">Share<\/span><\/a><a class=\"mashicon-twitter mash-large mash-center mashsb-noshadow\" href=\"https:\/\/twitter.com\/intent\/tweet?text=&amp;url=https:\/\/www.zunoticia.com\/noticias-de-hidalgo\/2024\/02\/03\/el-pri-es-un-partido-multigeneracional-jorge-lara-vite\/\" target=\"_top\" rel=\"nofollow\"><span class=\"icon\"><\/span><span class=\"text\">Tweet<\/span><\/a><div class=\"onoffswitch2 mash-large mashsb-noshadow\" style=\"display:none\"><\/div><\/div>\n            <\/div>\n                <div style=\"clear:both\"><\/div><div class=\"mashsb-toggle-container\"><\/div><\/aside>\n            <!-- Share buttons by mashshare.net - Version: 4.0.47-->\n<p><em>Por Salvador Altamirano\/Zunoticia<\/em><\/p>\n\n\n\n<p><strong>Huejutla, Hgo.-<\/strong> \u201cAunque el Partido Revolucionario Institucional (PRI), desde hace unos meses ha emprendido los trabajos para llevar a cabo la selecci\u00f3n de un candidato para contender por la renovaci\u00f3n de la presidencia municipal, aunque los tiempos de las coaliciones a nivel nacional fenecieron, aunado a ello est\u00e1 determinando si hay condiciones para una candidatura com\u00fan en el tema estatal y local con el PAN y PRD\u201d.<\/p>\n\n\n\n<p>lo anterior, fue expresado por el reconocido pol\u00edtico tricolor, Jorge Lara Vite, quien agreg\u00f3 que, para tal efecto los plazos no han concluido y mientras sigan vigente tienen la posibilidad de lograr una candidatura com\u00fan con los precitados partidos pol\u00edticos.<\/p>\n\n\n\n<p>Al inquirirle cu\u00e1l considera que ser\u00eda el perfil id\u00f3neo de ese candidato, ya sea en coalici\u00f3n o solo, subray\u00f3 que al PRI lo llama un partido multigeneracional, ya que tiene militantes j\u00f3venes, de edad avanzada y de todas las edades, quienes podr\u00edan reunir los perfiles para gobernar Huejutla.<\/p>\n\n\n\n<p>Agreg\u00f3 que, el candidato debe de tener sensibilidad humana para poder atender a los compa\u00f1eros tanto de las comunidades como de las colonias, que permita de esa manera poder llegar a ellos para generar la confianza y poder conquistar el voto y obviamente el triunfo.<\/p>\n\n\n\n<p>Respecto a la opini\u00f3n ciudadana consistente en que MORENA podr\u00eda arrasar en la elecci\u00f3n local, refiri\u00f3 que quienes eval\u00faan a los pol\u00edticos y servidores p\u00fablicos es la ciudadan\u00eda, por lo que ya basta de \u201ccortinas de humo\u201d y de descalificaciones, ya que la sociedad no merece que se est\u00e9n confrontando.<\/p>\n\n\n\n<p>Para finalizar, Lara Vite coment\u00f3 que, los tiempos van a permitir que vengan los registros de aspirantes, despu\u00e9s de precandidatos formales y obviamente para el candidato, pero la mejor forma de evaluar los gobiernos es a trav\u00e9s del voto.<\/p>\n\n\n\n<p><\/p>\n","protected":false},"excerpt":{"rendered":"<p>Por Salvador Altamirano\/Zunoticia Huejutla, Hgo.- \u201cAunque el Partido Revolucionario Institucional (PRI), desde hace unos meses ha emprendido los trabajos para llevar a cabo la selecci\u00f3n de un candidato para contender por la renovaci\u00f3n de la presidencia municipal, aunque los tiempos de las coaliciones a nivel nacional fenecieron, aunado a ello est\u00e1 determinando si hay condiciones&hellip; <a class=\"more-link\" href=\"https:\/\/www.zunoticia.com\/noticias-de-hidalgo\/2024\/02\/03\/el-pri-es-un-partido-multigeneracional-jorge-lara-vite\/\">Seguir leyendo <span class=\"screen-reader-text\">El PRI es un partido multigeneracional: Jorge Lara Vite<\/span><\/a><\/p>\n","protected":false},"author":20,"featured_media":525225,"comment_status":"open","ping_status":"open","sticky":false,"template":"","format":"standard","meta":{"rop_custom_images_group":[],"rop_custom_messages_group":[],"rop_publish_now":"initial","rop_publish_now_accounts":{"facebook_10159540855086992_322828327761733":""},"rop_publish_now_history":[],"rop_publish_now_status":"pending","footnotes":""},"categories":[181],"tags":[121],"class_list":["post-525224","post","type-post","status-publish","format-standard","has-post-thumbnail","hentry","category-huejutla","tag-huejutla","entry"],"_links":{"self":[{"href":"https:\/\/www.zunoticia.com\/noticias-de-hidalgo\/wp-json\/wp\/v2\/posts\/525224","targetHints":{"allow":["GET"]}}],"collection":[{"href":"https:\/\/www.zunoticia.com\/noticias-de-hidalgo\/wp-json\/wp\/v2\/posts"}],"about":[{"href":"https:\/\/www.zunoticia.com\/noticias-de-hidalgo\/wp-json\/wp\/v2\/types\/post"}],"author":[{"embeddable":true,"href":"https:\/\/www.zunoticia.com\/noticias-de-hidalgo\/wp-json\/wp\/v2\/users\/20"}],"replies":[{"embeddable":true,"href":"https:\/\/www.zunoticia.com\/noticias-de-hidalgo\/wp-json\/wp\/v2\/comments?post=525224"}],"version-history":[{"count":1,"href":"https:\/\/www.zunoticia.com\/noticias-de-hidalgo\/wp-json\/wp\/v2\/posts\/525224\/revisions"}],"predecessor-version":[{"id":525226,"href":"https:\/\/www.zunoticia.com\/noticias-de-hidalgo\/wp-json\/wp\/v2\/posts\/525224\/revisions\/525226"}],"wp:featuredmedia":[{"embeddable":true,"href":"https:\/\/www.zunoticia.com\/noticias-de-hidalgo\/wp-json\/wp\/v2\/media\/525225"}],"wp:attachment":[{"href":"https:\/\/www.zunoticia.com\/noticias-de-hidalgo\/wp-json\/wp\/v2\/media?parent=525224"}],"wp:term":[{"taxonomy":"category","embeddable":true,"href":"https:\/\/www.zunoticia.com\/noticias-de-hidalgo\/wp-json\/wp\/v2\/categories?post=525224"},{"taxonomy":"post_tag","embeddable":true,"href":"https:\/\/www.zunoticia.com\/noticias-de-hidalgo\/wp-json\/wp\/v2\/tags?post=525224"}],"curies":[{"name":"wp","href":"https:\/\/api.w.org\/{rel}","templated":true}]}}