{"id":525234,"date":"2024-02-03T17:06:20","date_gmt":"2024-02-03T23:06:20","guid":{"rendered":"https:\/\/www.zunoticia.com\/noticias-de-hidalgo\/?p=525234"},"modified":"2024-02-03T17:06:24","modified_gmt":"2024-02-03T23:06:24","slug":"dia-mundial-contra-el-cancer-4-de-febrero","status":"publish","type":"post","link":"https:\/\/www.zunoticia.com\/noticias-de-hidalgo\/2024\/02\/03\/dia-mundial-contra-el-cancer-4-de-febrero\/","title":{"rendered":"D\u00eda Mundial Contra el C\u00e1ncer, 4 de febrero"},"content":{"rendered":"<aside class=\"mashsb-container mashsb-main mashsb-stretched\"><div class=\"mashsb-box\"><div class=\"mashsb-count mash-large\" style=\"float:left\"><div class=\"counts mashsbcount\">17<\/div><span class=\"mashsb-sharetext\">SHARES<\/span><\/div><div class=\"mashsb-buttons\"><a class=\"mashicon-facebook mash-large mash-center mashsb-noshadow\" href=\"https:\/\/www.facebook.com\/sharer.php?u=https%3A%2F%2Fwww.zunoticia.com%2Fnoticias-de-hidalgo%2F2024%2F02%2F03%2Fdia-mundial-contra-el-cancer-4-de-febrero%2F\" target=\"_top\" rel=\"nofollow\"><span class=\"icon\"><\/span><span class=\"text\">Share<\/span><\/a><a class=\"mashicon-twitter mash-large mash-center mashsb-noshadow\" href=\"https:\/\/twitter.com\/intent\/tweet?text=&amp;url=https:\/\/www.zunoticia.com\/noticias-de-hidalgo\/2024\/02\/03\/dia-mundial-contra-el-cancer-4-de-febrero\/\" target=\"_top\" rel=\"nofollow\"><span class=\"icon\"><\/span><span class=\"text\">Tweet<\/span><\/a><div class=\"onoffswitch2 mash-large mashsb-noshadow\" style=\"display:none\"><\/div><\/div>\n            <\/div>\n                <div style=\"clear:both\"><\/div><div class=\"mashsb-toggle-container\"><\/div><\/aside>\n            <!-- Share buttons by mashshare.net - Version: 4.0.47-->\n<p><em>Por Redacci\u00f3n\/Zunoticia<\/em><\/p>\n\n\n\n<p><strong>Pachuca de Soto, Hgo.-<\/strong> Las enfermedades no transmisibles, incluido el c\u00e1ncer, son una de las diez amenazas para la salud mundial, seg\u00fan la Organizaci\u00f3n Mundial de la Salud, es por eso que, este 4 de febrero de 2024, la comunidad global conmemora el D\u00eda Mundial contra el C\u00e1ncer bajo el lema: \u201cPor unos cuidados m\u00e1s justos&#8221;.<\/p>\n\n\n\n<p>De esa forma la Organizaci\u00f3n Panamericana de la Salud (OPS), hace un llamado a los Gobiernos de la regi\u00f3n de Am\u00e9rica Latina y El Caribe a unirse a esta campa\u00f1a con un llamado para que todos los sectores, a nivel colectivo e individual, se comprometan a fortalecer las acciones dirigidas a mejorar la atenci\u00f3n de calidad, incluyendo el tamizaje, detecci\u00f3n temprana, tratamiento y cuidados paliativos.<\/p>\n\n\n\n<p>En la regi\u00f3n de las Am\u00e9ricas, el c\u00e1ncer es la segunda causa m\u00e1s frecuente de morbilidad y mortalidad, despu\u00e9s de las enfermedades cardiovasculares, y es una base importante de las desigualdades en salud. Se estima que 4 millones de personas fueron diagnosticadas en 2020 y 1.4 millones murieron por c\u00e1ncer. Aproximadamente, el 57% de los nuevos casos de c\u00e1ncer y el 47% de las muertes ocurren en personas menores de 69 a\u00f1os, cuando se encuentran en lo mejor de sus vidas.<\/p>\n\n\n\n<p>En la actualidad se pueden evitar entre el 30% y el 50% de los casos de c\u00e1ncer reduciendo los factores de riesgo y aplicando estrategias preventivas basadas en la evidencia. Adem\u00e1s, esta carga se puede reducir mediante la detecci\u00f3n oportuna y la atenci\u00f3n y el tratamiento adecuados de los pacientes. Si se diagnostican a tiempo y se tratan adecuadamente, las probabilidades de curaci\u00f3n de muchos tipos de c\u00e1ncer son elevadas.<\/p>\n\n\n\n<p>En Hidalgo, de acuerdo con datos del Consejo Estatal de Poblaci\u00f3n (COESPO) generados a partir de informaci\u00f3n de Estad\u00edsticas Vitales del Instituto Nacional de Estad\u00edstica y Geograf\u00eda (INEGI) al 2022, los tumores malignos ocuparon la tercera causa de mortalidad general de la entidad con 2 mil 152 defunciones (11.9%), por debajo de las enfermedades del sistema circulatorio que ocasionaron 5 mil 867 muertes (32.5%) (incluyendo las enfermedades del coraz\u00f3n y cerebrovasculares), mientras que las end\u00f3crinas, nutricionales y metab\u00f3licas fueron 2 mil 881 muertes (16.8%).<\/p>\n\n\n\n<p>Por diferencia de sexos se registr\u00f3 en ese a\u00f1o, que los hombres que murieron por tumores malignos representaron el 48.7% (1,048) de estos casos y las mujeres el 51.3% (1,104). En el caso de los varones, los m\u00e1s comunes fueron: el tumor maligno de pr\u00f3stata 17.7% (185), tumor maligno del h\u00edgado y de las v\u00edas biliares intrahep\u00e1ticas 9.8% (103) y el tumor maligno de colon, recto y ano 8.9% (94).<\/p>\n\n\n\n<p>Para las mujeres, los 3 principales tumores que han causado m\u00e1s muertes fueron el de mama 13.9% (153), de h\u00edgado y de las v\u00edas biliares intrahep\u00e1ticas 9.4% (104) y del cuello, cuerpo del \u00fatero y de partes no especificadas 8.9% (98).<\/p>\n\n\n\n<p>Una caracter\u00edstica definitoria del c\u00e1ncer es la multiplicaci\u00f3n r\u00e1pida de c\u00e9lulas anormales que se extienden m\u00e1s all\u00e1 de sus l\u00edmites habituales y pueden invadir partes adyacentes del cuerpo o propagarse a otros \u00f3rganos, en un proceso que se denomina \u201cmet\u00e1stasis\u201d. La extensi\u00f3n de las met\u00e1stasis es la principal causa de muerte por la enfermedad.<\/p>\n\n\n\n<p>El c\u00e1ncer puede prevenirse y controlarse implementando estrategias basadas en la evidencia para la prevenci\u00f3n, tamizaje y detecci\u00f3n temprana del c\u00e1ncer, el tratamiento oportuno y los cuidados paliativos. Los factores de riesgo modificables m\u00e1s comunes para el c\u00e1ncer, as\u00ed como para muchas otras enfermedades no transmisibles, son: consumo de tabaco; baja ingesta de frutas y verduras; consumo nocivo de alcohol e insuficiente actividad f\u00edsica, entre otras.<\/p>\n","protected":false},"excerpt":{"rendered":"<p>Por Redacci\u00f3n\/Zunoticia Pachuca de Soto, Hgo.- Las enfermedades no transmisibles, incluido el c\u00e1ncer, son una de las diez amenazas para la salud mundial, seg\u00fan la Organizaci\u00f3n Mundial de la Salud, es por eso que, este 4 de febrero de 2024, la comunidad global conmemora el D\u00eda Mundial contra el C\u00e1ncer bajo el lema: \u201cPor unos&hellip; <a class=\"more-link\" href=\"https:\/\/www.zunoticia.com\/noticias-de-hidalgo\/2024\/02\/03\/dia-mundial-contra-el-cancer-4-de-febrero\/\">Seguir leyendo <span class=\"screen-reader-text\">D\u00eda Mundial Contra el C\u00e1ncer, 4 de febrero<\/span><\/a><\/p>\n","protected":false},"author":20,"featured_media":525235,"comment_status":"open","ping_status":"open","sticky":false,"template":"","format":"standard","meta":{"rop_custom_images_group":[],"rop_custom_messages_group":[],"rop_publish_now":"initial","rop_publish_now_accounts":{"facebook_10159540855086992_322828327761733":""},"rop_publish_now_history":[],"rop_publish_now_status":"pending","footnotes":""},"categories":[208],"tags":[214],"class_list":["post-525234","post","type-post","status-publish","format-standard","has-post-thumbnail","hentry","category-estado","tag-estado","entry"],"_links":{"self":[{"href":"https:\/\/www.zunoticia.com\/noticias-de-hidalgo\/wp-json\/wp\/v2\/posts\/525234","targetHints":{"allow":["GET"]}}],"collection":[{"href":"https:\/\/www.zunoticia.com\/noticias-de-hidalgo\/wp-json\/wp\/v2\/posts"}],"about":[{"href":"https:\/\/www.zunoticia.com\/noticias-de-hidalgo\/wp-json\/wp\/v2\/types\/post"}],"author":[{"embeddable":true,"href":"https:\/\/www.zunoticia.com\/noticias-de-hidalgo\/wp-json\/wp\/v2\/users\/20"}],"replies":[{"embeddable":true,"href":"https:\/\/www.zunoticia.com\/noticias-de-hidalgo\/wp-json\/wp\/v2\/comments?post=525234"}],"version-history":[{"count":1,"href":"https:\/\/www.zunoticia.com\/noticias-de-hidalgo\/wp-json\/wp\/v2\/posts\/525234\/revisions"}],"predecessor-version":[{"id":525236,"href":"https:\/\/www.zunoticia.com\/noticias-de-hidalgo\/wp-json\/wp\/v2\/posts\/525234\/revisions\/525236"}],"wp:featuredmedia":[{"embeddable":true,"href":"https:\/\/www.zunoticia.com\/noticias-de-hidalgo\/wp-json\/wp\/v2\/media\/525235"}],"wp:attachment":[{"href":"https:\/\/www.zunoticia.com\/noticias-de-hidalgo\/wp-json\/wp\/v2\/media?parent=525234"}],"wp:term":[{"taxonomy":"category","embeddable":true,"href":"https:\/\/www.zunoticia.com\/noticias-de-hidalgo\/wp-json\/wp\/v2\/categories?post=525234"},{"taxonomy":"post_tag","embeddable":true,"href":"https:\/\/www.zunoticia.com\/noticias-de-hidalgo\/wp-json\/wp\/v2\/tags?post=525234"}],"curies":[{"name":"wp","href":"https:\/\/api.w.org\/{rel}","templated":true}]}}