{"id":525251,"date":"2024-02-03T18:07:13","date_gmt":"2024-02-04T00:07:13","guid":{"rendered":"https:\/\/www.zunoticia.com\/noticias-de-hidalgo\/?p=525251"},"modified":"2024-02-03T18:07:16","modified_gmt":"2024-02-04T00:07:16","slug":"la-asociacion-de-jovenes-esperanza-de-la-fraternidad-entrego-reconocimientos-a-la-labor-social","status":"publish","type":"post","link":"https:\/\/www.zunoticia.com\/noticias-de-hidalgo\/2024\/02\/03\/la-asociacion-de-jovenes-esperanza-de-la-fraternidad-entrego-reconocimientos-a-la-labor-social\/","title":{"rendered":"La &#8220;Asociaci\u00f3n de J\u00f3venes Esperanza de la Fraternidad&#8221; entreg\u00f3 reconocimientos a la labor social"},"content":{"rendered":"<aside class=\"mashsb-container mashsb-main mashsb-stretched\"><div class=\"mashsb-box\"><div class=\"mashsb-count mash-large\" style=\"float:left\"><div class=\"counts mashsbcount\">26<\/div><span class=\"mashsb-sharetext\">SHARES<\/span><\/div><div class=\"mashsb-buttons\"><a class=\"mashicon-facebook mash-large mash-center mashsb-noshadow\" href=\"https:\/\/www.facebook.com\/sharer.php?u=https%3A%2F%2Fwww.zunoticia.com%2Fnoticias-de-hidalgo%2F2024%2F02%2F03%2Fla-asociacion-de-jovenes-esperanza-de-la-fraternidad-entrego-reconocimientos-a-la-labor-social%2F\" target=\"_top\" rel=\"nofollow\"><span class=\"icon\"><\/span><span class=\"text\">Share<\/span><\/a><a class=\"mashicon-twitter mash-large mash-center mashsb-noshadow\" href=\"https:\/\/twitter.com\/intent\/tweet?text=&amp;url=https:\/\/www.zunoticia.com\/noticias-de-hidalgo\/2024\/02\/03\/la-asociacion-de-jovenes-esperanza-de-la-fraternidad-entrego-reconocimientos-a-la-labor-social\/\" target=\"_top\" rel=\"nofollow\"><span class=\"icon\"><\/span><span class=\"text\">Tweet<\/span><\/a><div class=\"onoffswitch2 mash-large mashsb-noshadow\" style=\"display:none\"><\/div><\/div>\n            <\/div>\n                <div style=\"clear:both\"><\/div><div class=\"mashsb-toggle-container\"><\/div><\/aside>\n            <!-- Share buttons by mashshare.net - Version: 4.0.47-->\n<p><em>Por Salvador Altamirano\/Zunoticia<\/em><\/p>\n\n\n\n<p><strong>Huejutla, Hgo.-<\/strong> La tarde de este s\u00e1bado, los integrantes de la &#8220;Asociaci\u00f3n de J\u00f3venes Esperanza de la Fraternidad Jos\u00e9 Marti No 6&#8221;, entregaron reconocimientos a la labor social del H. Cuerpo de Bomberos; Cruz Roja Mexicana, al subdirector de la Escuela Secundaria General H\u00e9roe Antonio Reyes (ESGHAR), Carlos Cris\u00f3foro Garc\u00eda y a la rescatista independiente Mago Campa.<\/p>\n\n\n\n<p>Entrevistado al respecto, el instructor del grupo de j\u00f3venes, Aldair Arguelles Ramos, manifest\u00f3 que los reconocimientos fueron entregados a instituciones y personas que desarrollan actos filantr\u00f3picos en beneficio de la sociedad huejutlense e hidalguense.<\/p>\n\n\n\n<p>Agreg\u00f3 que, el grupo de j\u00f3venes ajeistas est\u00e1n auspiciado por la Respetable Logia Simb\u00f3lica Libre Huasteca No 6, porque saben que ellos son el futuro de M\u00e9xico, los estamos preparando -acentu\u00f3-, para que en la vida adulta sean excelentes l\u00edderes.<\/p>\n\n\n\n<p>Para finalizar, coment\u00f3 que, los j\u00f3venes integran el grupo de la edad de 14 a 21 a\u00f1os, cuando terminan ya est\u00e1n muy bien preparados para ser \u00fatiles a la sociedad.<\/p>\n\n\n\n<p>Es oportuno mencionar que, durante el acto protocolario se destac\u00f3 que lo entregado no son simples reconocimientos, sino merecidos trofeos a su destacada labor social, por lo que los homenajeados agradecieron el haberlos distinguidos de tan honrosa manera.<\/p>\n\n\n\n<figure class=\"wp-block-image size-full\"><img fetchpriority=\"high\" decoding=\"async\" width=\"933\" height=\"524\" src=\"https:\/\/www.zunoticia.com\/noticias-de-hidalgo\/wp-content\/uploads\/2024\/02\/Zunoticia-Huejutla-4-9.png\" alt=\"\" class=\"wp-image-525253\"\/><\/figure>\n","protected":false},"excerpt":{"rendered":"<p>Por Salvador Altamirano\/Zunoticia Huejutla, Hgo.- La tarde de este s\u00e1bado, los integrantes de la &#8220;Asociaci\u00f3n de J\u00f3venes Esperanza de la Fraternidad Jos\u00e9 Marti No 6&#8221;, entregaron reconocimientos a la labor social del H. Cuerpo de Bomberos; Cruz Roja Mexicana, al subdirector de la Escuela Secundaria General H\u00e9roe Antonio Reyes (ESGHAR), Carlos Cris\u00f3foro Garc\u00eda y a&hellip; <a class=\"more-link\" href=\"https:\/\/www.zunoticia.com\/noticias-de-hidalgo\/2024\/02\/03\/la-asociacion-de-jovenes-esperanza-de-la-fraternidad-entrego-reconocimientos-a-la-labor-social\/\">Seguir leyendo <span class=\"screen-reader-text\">La &#8220;Asociaci\u00f3n de J\u00f3venes Esperanza de la Fraternidad&#8221; entreg\u00f3 reconocimientos a la labor social<\/span><\/a><\/p>\n","protected":false},"author":20,"featured_media":525252,"comment_status":"open","ping_status":"open","sticky":false,"template":"","format":"standard","meta":{"rop_custom_images_group":[],"rop_custom_messages_group":[],"rop_publish_now":"initial","rop_publish_now_accounts":{"facebook_10159540855086992_322828327761733":""},"rop_publish_now_history":[],"rop_publish_now_status":"pending","footnotes":""},"categories":[181],"tags":[121],"class_list":["post-525251","post","type-post","status-publish","format-standard","has-post-thumbnail","hentry","category-huejutla","tag-huejutla","entry"],"_links":{"self":[{"href":"https:\/\/www.zunoticia.com\/noticias-de-hidalgo\/wp-json\/wp\/v2\/posts\/525251","targetHints":{"allow":["GET"]}}],"collection":[{"href":"https:\/\/www.zunoticia.com\/noticias-de-hidalgo\/wp-json\/wp\/v2\/posts"}],"about":[{"href":"https:\/\/www.zunoticia.com\/noticias-de-hidalgo\/wp-json\/wp\/v2\/types\/post"}],"author":[{"embeddable":true,"href":"https:\/\/www.zunoticia.com\/noticias-de-hidalgo\/wp-json\/wp\/v2\/users\/20"}],"replies":[{"embeddable":true,"href":"https:\/\/www.zunoticia.com\/noticias-de-hidalgo\/wp-json\/wp\/v2\/comments?post=525251"}],"version-history":[{"count":1,"href":"https:\/\/www.zunoticia.com\/noticias-de-hidalgo\/wp-json\/wp\/v2\/posts\/525251\/revisions"}],"predecessor-version":[{"id":525254,"href":"https:\/\/www.zunoticia.com\/noticias-de-hidalgo\/wp-json\/wp\/v2\/posts\/525251\/revisions\/525254"}],"wp:featuredmedia":[{"embeddable":true,"href":"https:\/\/www.zunoticia.com\/noticias-de-hidalgo\/wp-json\/wp\/v2\/media\/525252"}],"wp:attachment":[{"href":"https:\/\/www.zunoticia.com\/noticias-de-hidalgo\/wp-json\/wp\/v2\/media?parent=525251"}],"wp:term":[{"taxonomy":"category","embeddable":true,"href":"https:\/\/www.zunoticia.com\/noticias-de-hidalgo\/wp-json\/wp\/v2\/categories?post=525251"},{"taxonomy":"post_tag","embeddable":true,"href":"https:\/\/www.zunoticia.com\/noticias-de-hidalgo\/wp-json\/wp\/v2\/tags?post=525251"}],"curies":[{"name":"wp","href":"https:\/\/api.w.org\/{rel}","templated":true}]}}