{"id":525752,"date":"2024-02-08T14:39:34","date_gmt":"2024-02-08T20:39:34","guid":{"rendered":"https:\/\/www.zunoticia.com\/noticias-de-hidalgo\/?p=525752"},"modified":"2024-02-08T14:39:38","modified_gmt":"2024-02-08T20:39:38","slug":"exhortan-a-ganaderos-a-que-aprovechen-programa-de-mejora-genetica","status":"publish","type":"post","link":"https:\/\/www.zunoticia.com\/noticias-de-hidalgo\/2024\/02\/08\/exhortan-a-ganaderos-a-que-aprovechen-programa-de-mejora-genetica\/","title":{"rendered":"Exhortan a ganaderos a que aprovechen programa de mejora gen\u00e9tica"},"content":{"rendered":"<aside class=\"mashsb-container mashsb-main mashsb-stretched\"><div class=\"mashsb-box\"><div class=\"mashsb-count mash-large\" style=\"float:left\"><div class=\"counts mashsbcount\">2<\/div><span class=\"mashsb-sharetext\">SHARES<\/span><\/div><div class=\"mashsb-buttons\"><a class=\"mashicon-facebook mash-large mash-center mashsb-noshadow\" href=\"https:\/\/www.facebook.com\/sharer.php?u=https%3A%2F%2Fwww.zunoticia.com%2Fnoticias-de-hidalgo%2F2024%2F02%2F08%2Fexhortan-a-ganaderos-a-que-aprovechen-programa-de-mejora-genetica%2F\" target=\"_top\" rel=\"nofollow\"><span class=\"icon\"><\/span><span class=\"text\">Share<\/span><\/a><a class=\"mashicon-twitter mash-large mash-center mashsb-noshadow\" href=\"https:\/\/twitter.com\/intent\/tweet?text=&amp;url=https:\/\/www.zunoticia.com\/noticias-de-hidalgo\/2024\/02\/08\/exhortan-a-ganaderos-a-que-aprovechen-programa-de-mejora-genetica\/\" target=\"_top\" rel=\"nofollow\"><span class=\"icon\"><\/span><span class=\"text\">Tweet<\/span><\/a><div class=\"onoffswitch2 mash-large mashsb-noshadow\" style=\"display:none\"><\/div><\/div>\n            <\/div>\n                <div style=\"clear:both\"><\/div><div class=\"mashsb-toggle-container\"><\/div><\/aside>\n            <!-- Share buttons by mashshare.net - Version: 4.0.47-->\n<p><em>Por Salvador Altamirano\/Zunoticia<\/em><\/p>\n\n\n\n<p><strong>Huejutla, Hgo.-<\/strong> El Presidente de la Asociaci\u00f3n Ganadera local, Rafael Barrag\u00e1n Monterrubio, manifest\u00f3 que el d\u00eda 24 del presente mes concluye su gesti\u00f3n y no obstante el estiaje del a\u00f1o pasado, que les origin\u00f3 p\u00e9rdidas, entregar\u00e1n resultados satisfactorios.<\/p>\n\n\n\n<p>Agradeci\u00f3 de manera previa que la asamblea le haya dado la oportunidad de poder servirles, cuidar y administrar los recursos, para lo cual hizo su mejor esfuerzo, no como hubiera querido -aclar\u00f3-, ya que desafortunadamente tuve un contratiempo de salud.<\/p>\n\n\n\n<p>Sin embargo -agreg\u00f3-, seguimos en la gesti\u00f3n y por suerte el Gobierno del Estado ha estado pendiente de los programas sociales, y el sector ganadero no ha sido la excepci\u00f3n, por lo que hoy les est\u00e1 dando la oportunidad de adquirir sementales para la mejora gen\u00e9tica de la ganader\u00eda; por lo que invita a los socios a que se anoten, para lo cual tienen esta semana y los requisitos son sencillos.<\/p>\n\n\n\n<p>A pregunta expresa, subray\u00f3 que, el estiaje del a\u00f1o pasado fue el m\u00e1s severo de los \u00faltimos 30 a\u00f1os y como consecuencia la mayor\u00eda de los ganaderos tuvieron algunas p\u00e9rdidas, sin embargo, por el buen manejo de la directiva de la asociaci\u00f3n han podido aliviar un poco la situaci\u00f3n tan cr\u00edtica que se vivi\u00f3, y ser\u00e1n los n\u00fameros -dijo-, los que determinen lo expresado.<\/p>\n\n\n\n<p>Aunque ya no est\u00e9 en el cargo -agreg\u00f3-, la idea es mantenernos con los mismos principios conque nos hemos conducido, de honestidad, responsabilidad y el amor al pr\u00f3jimo, porque esta asociaci\u00f3n es un servicio a todos los miembros, apoyarlos, gestionar y buscar aliviar algunas situaciones como el estiaje.<\/p>\n\n\n\n<p>Para finalizar, Barrag\u00e1n Monterrubio enfatiz\u00f3 que, el sector productivo ganaderos es muy dif\u00edcil, es un trabajo muy arduo en el campo, sin embargo, exhort\u00f3 a sus compa\u00f1eros a seguir redoblado esfuerzos para solventar cualquier inconveniente que se pueda presentar.<\/p>\n\n\n\n<p><\/p>\n","protected":false},"excerpt":{"rendered":"<p>Por Salvador Altamirano\/Zunoticia Huejutla, Hgo.- El Presidente de la Asociaci\u00f3n Ganadera local, Rafael Barrag\u00e1n Monterrubio, manifest\u00f3 que el d\u00eda 24 del presente mes concluye su gesti\u00f3n y no obstante el estiaje del a\u00f1o pasado, que les origin\u00f3 p\u00e9rdidas, entregar\u00e1n resultados satisfactorios. Agradeci\u00f3 de manera previa que la asamblea le haya dado la oportunidad de poder&hellip; <a class=\"more-link\" href=\"https:\/\/www.zunoticia.com\/noticias-de-hidalgo\/2024\/02\/08\/exhortan-a-ganaderos-a-que-aprovechen-programa-de-mejora-genetica\/\">Seguir leyendo <span class=\"screen-reader-text\">Exhortan a ganaderos a que aprovechen programa de mejora gen\u00e9tica<\/span><\/a><\/p>\n","protected":false},"author":20,"featured_media":525753,"comment_status":"open","ping_status":"open","sticky":false,"template":"","format":"standard","meta":{"rop_custom_images_group":[],"rop_custom_messages_group":[],"rop_publish_now":"initial","rop_publish_now_accounts":{"facebook_10159540855086992_322828327761733":""},"rop_publish_now_history":[],"rop_publish_now_status":"pending","footnotes":""},"categories":[181],"tags":[121],"class_list":["post-525752","post","type-post","status-publish","format-standard","has-post-thumbnail","hentry","category-huejutla","tag-huejutla","entry"],"_links":{"self":[{"href":"https:\/\/www.zunoticia.com\/noticias-de-hidalgo\/wp-json\/wp\/v2\/posts\/525752","targetHints":{"allow":["GET"]}}],"collection":[{"href":"https:\/\/www.zunoticia.com\/noticias-de-hidalgo\/wp-json\/wp\/v2\/posts"}],"about":[{"href":"https:\/\/www.zunoticia.com\/noticias-de-hidalgo\/wp-json\/wp\/v2\/types\/post"}],"author":[{"embeddable":true,"href":"https:\/\/www.zunoticia.com\/noticias-de-hidalgo\/wp-json\/wp\/v2\/users\/20"}],"replies":[{"embeddable":true,"href":"https:\/\/www.zunoticia.com\/noticias-de-hidalgo\/wp-json\/wp\/v2\/comments?post=525752"}],"version-history":[{"count":1,"href":"https:\/\/www.zunoticia.com\/noticias-de-hidalgo\/wp-json\/wp\/v2\/posts\/525752\/revisions"}],"predecessor-version":[{"id":525754,"href":"https:\/\/www.zunoticia.com\/noticias-de-hidalgo\/wp-json\/wp\/v2\/posts\/525752\/revisions\/525754"}],"wp:featuredmedia":[{"embeddable":true,"href":"https:\/\/www.zunoticia.com\/noticias-de-hidalgo\/wp-json\/wp\/v2\/media\/525753"}],"wp:attachment":[{"href":"https:\/\/www.zunoticia.com\/noticias-de-hidalgo\/wp-json\/wp\/v2\/media?parent=525752"}],"wp:term":[{"taxonomy":"category","embeddable":true,"href":"https:\/\/www.zunoticia.com\/noticias-de-hidalgo\/wp-json\/wp\/v2\/categories?post=525752"},{"taxonomy":"post_tag","embeddable":true,"href":"https:\/\/www.zunoticia.com\/noticias-de-hidalgo\/wp-json\/wp\/v2\/tags?post=525752"}],"curies":[{"name":"wp","href":"https:\/\/api.w.org\/{rel}","templated":true}]}}